{"id":13867,"date":"2020-04-16T12:37:06","date_gmt":"2020-04-16T15:37:06","guid":{"rendered":"https:\/\/blogs.correiobraziliense.com.br\/vicente\/?p=13867"},"modified":"2020-04-16T13:05:11","modified_gmt":"2020-04-16T16:05:11","slug":"covid-19-mata-medico-que-estava-em-navio-ancorado-em-santos","status":"publish","type":"post","link":"https:\/\/blogs.correiobraziliense.com.br\/vicente\/covid-19-mata-medico-que-estava-em-navio-ancorado-em-santos\/","title":{"rendered":"Covid-19 mata m\u00e9dico que estava em navio ancorado em Santos"},"content":{"rendered":"<h2>O m\u00e9dico do navio Costa Fascinosa, que est\u00e1 em Santos, litoral de S\u00e3o Paulo, morreu na madrugada desta quinta-feira (16\/04), v\u00edtima da Covid-19. Ele estava internado em um hospital da cidade, era italiano e tinha 70 anos de idade.<\/h2>\n<p>&nbsp;<\/p>\n<p>Segundo a Ag\u00eancia Nacional de Vigil\u00e2ncia Sanit\u00e1ria (Anvisa), o m\u00e9dico foi desembarcado do Costa Fascinosa h\u00e1 quase duas semanas, em 4 de abril, inicialmente com suspeita de infarto. Mas logo no atendimento foi apontada a suspeita de Covid-19, posteriormente confirmada em teste de laborat\u00f3rio.<\/p>\n<p>&nbsp;<\/p>\n<p>O m\u00e9dico, informa a Anvisa, foi o \u00faltimo tripulante da embarca\u00e7\u00e3o a sair do navio para atendimento de emerg\u00eancia. No total, foram detectados 26 casos no navio de infec\u00e7\u00e3o pelo novo coronav\u00edrus, o \u00faltimo deles, no\u00a0domingo, 12 de abril.<\/p>\n<p>&nbsp;<\/p>\n<p>Na quarta-feira (15\/4), o navio desatracou do Porto de Santo para realizar o descarte de efluentes e fazer a capta\u00e7\u00e3o de \u00e1gua para uso na pr\u00f3pria embarca\u00e7\u00e3o. Pelos dados da Anvisa, a embarca\u00e7\u00e3o\u00a0chegou a Santos com 764 tripulantes em 17 de mar\u00e7o. Dois dias depois, o navio foi\u00a0colocado em quarentena.<\/p>\n<p>&nbsp;<\/p>\n<p>A Anvisa ressalta que 75 tripulantes brasileiros deixaram a embarca\u00e7\u00e3o em 5 de abril. Uma semana depois, foi a vez de 227 tripulantes filipinos serem retirados para retornarem a seu pa\u00eds por voo fretado. No momento, h\u00e1\u00a0452 tripulantes na embarca\u00e7\u00e3o.<\/p>\n<p>&nbsp;<\/p>\n<p><em>Bras\u00edlia, 12h37min<\/em><\/p>\n","protected":false},"excerpt":{"rendered":"<p>O m\u00e9dico do navio Costa Fascinosa, que est\u00e1 em Santos, litoral de S\u00e3o Paulo, morreu na madrugada desta quinta-feira (16\/04), v\u00edtima da Covid-19. Ele estava internado em um hospital da cidade, era italiano e tinha 70 anos de idade. &nbsp; Segundo a Ag\u00eancia Nacional de Vigil\u00e2ncia Sanit\u00e1ria (Anvisa), o m\u00e9dico foi desembarcado do Costa Fascinosa [&hellip;]<\/p>\n","protected":false},"author":22,"featured_media":13869,"comment_status":"open","ping_status":"closed","sticky":false,"template":"","format":"standard","meta":{"footnotes":""},"categories":[600],"tags":[4419,4505,4579,958,4477,4580],"class_list":["post-13867","post","type-post","status-publish","format-standard","has-post-thumbnail","hentry","category-economia","tag-coronavirus","tag-covid-19","tag-medico","tag-morte","tag-navio","tag-santos-costa-fascinosa"],"_links":{"self":[{"href":"https:\/\/blogs.correiobraziliense.com.br\/vicente\/wp-json\/wp\/v2\/posts\/13867","targetHints":{"allow":["GET"]}}],"collection":[{"href":"https:\/\/blogs.correiobraziliense.com.br\/vicente\/wp-json\/wp\/v2\/posts"}],"about":[{"href":"https:\/\/blogs.correiobraziliense.com.br\/vicente\/wp-json\/wp\/v2\/types\/post"}],"author":[{"embeddable":true,"href":"https:\/\/blogs.correiobraziliense.com.br\/vicente\/wp-json\/wp\/v2\/users\/22"}],"replies":[{"embeddable":true,"href":"https:\/\/blogs.correiobraziliense.com.br\/vicente\/wp-json\/wp\/v2\/comments?post=13867"}],"version-history":[{"count":1,"href":"https:\/\/blogs.correiobraziliense.com.br\/vicente\/wp-json\/wp\/v2\/posts\/13867\/revisions"}],"predecessor-version":[{"id":13868,"href":"https:\/\/blogs.correiobraziliense.com.br\/vicente\/wp-json\/wp\/v2\/posts\/13867\/revisions\/13868"}],"wp:featuredmedia":[{"embeddable":true,"href":"https:\/\/blogs.correiobraziliense.com.br\/vicente\/wp-json\/wp\/v2\/media\/13869"}],"wp:attachment":[{"href":"https:\/\/blogs.correiobraziliense.com.br\/vicente\/wp-json\/wp\/v2\/media?parent=13867"}],"wp:term":[{"taxonomy":"category","embeddable":true,"href":"https:\/\/blogs.correiobraziliense.com.br\/vicente\/wp-json\/wp\/v2\/categories?post=13867"},{"taxonomy":"post_tag","embeddable":true,"href":"https:\/\/blogs.correiobraziliense.com.br\/vicente\/wp-json\/wp\/v2\/tags?post=13867"}],"curies":[{"name":"wp","href":"https:\/\/api.w.org\/{rel}","templated":true}]}}