{"id":13865,"date":"2020-04-15T16:19:04","date_gmt":"2020-04-15T19:19:04","guid":{"rendered":"https:\/\/blogs.correiobraziliense.com.br\/vicente\/?p=13865"},"modified":"2020-04-15T17:26:17","modified_gmt":"2020-04-15T20:26:17","slug":"mortes-pela-covid-19-no-brasil-ja-correspondem-a-queda-de-11-avioes","status":"publish","type":"post","link":"https:\/\/blogs.correiobraziliense.com.br\/vicente\/mortes-pela-covid-19-no-brasil-ja-correspondem-a-queda-de-11-avioes\/","title":{"rendered":"Mortes pela Covid-19 no Brasil j\u00e1 correspondem \u00e0 queda de 11 avi\u00f5es"},"content":{"rendered":"<h2>O presidente Jair Bolsonaro desdenha da agressividade do novo coronav\u00edrus, mas o total de mortes no pa\u00eds at\u00e9 esta quarta-feira (15\/04) pela Covid-19, de 1.736, j\u00e1 corresponde \u00e0 queda de 11 avi\u00f5es em menos de um m\u00eas. A primeira morte pelo v\u00edrus no Brasil foi anunciada em 17 de mar\u00e7o.<\/h2>\n<p>&nbsp;<\/p>\n<p>Em 29 de setembro de 2016, um acidente com um avi\u00e3o da Gol matou 154 pessoas. Se todos aqueles que j\u00e1 perderam a vida no pa\u00eds pela Covid-19 fossem colocadas em avi\u00f5es, seriam necess\u00e1rias 11 aeronaves.<\/p>\n<p>&nbsp;<\/p>\n<p>Se o par\u00e2metro para dar a dimens\u00e3o do estrago que vem sendo feito pelo novo coronav\u00edrus fosse o acidente com um avi\u00e3o da Latam, em 27 de julho de 2017, quando 199 pessoas morreram, o total de mortes pela Covid-19 corresponde \u00e0 queda de mais de oito aeronaves.<\/p>\n<p>&nbsp;<\/p>\n<p>Esse tipo de compara\u00e7\u00e3o, afirmam especialistas, \u00e9 importante para dar a dimens\u00e3o da viol\u00eancia no novo coronav\u00edrus. Todo o pa\u00eds para quando ocorre um acidente de avi\u00e3o. A como\u00e7\u00e3o \u00e9 geral. Mas esse mesmo tipo de sentimento n\u00e3o \u00e9 observado quando s\u00e3o divulgados os boletins di\u00e1rios da Covid-19.<\/p>\n<p>&nbsp;<\/p>\n<p>No entender de especialistas, como o epidemiologista Jonas Brant, professor do Departamento de Sa\u00fade Coletiva da Universidade de Bras\u00edlia (UnB), as pessoas que n\u00e3o acreditam no novo coronav\u00edrus s\u00f3 v\u00e3o se conscientizar do risco que est\u00e3o correndo quando perderem algu\u00e9m muito pr\u00f3ximo, da fam\u00edlia.<\/p>\n<p>&nbsp;<\/p>\n<p>Para Brant, se o Brasil flexibilizar rapidamente a pol\u00edtica de isolamento social, que vem conseguindo conter a dissemina\u00e7\u00e3o do novo coronav\u00edrus at\u00e9 que a rede hospital esteja preparada para lidar com a pandemia, o risco de se repetir por aqui o colapso que se viu na It\u00e1lia \u00e9 muito grande.<\/p>\n<p>&nbsp;<\/p>\n<p>Pior: poderemos ver no pa\u00eds o quadro dram\u00e1tico do Equador, onde corpos est\u00e3o sendo jogados nas ruas porque o sistema p\u00fablico de sa\u00fade n\u00e3o est\u00e1 dando conta de recolher os cad\u00e1veres de pessoas que morreram em casa. No Rio, por exemplo, j\u00e1 h\u00e1 casos em que corpos est\u00e3o demorando pelo menos dois dias para serem recolhidos em casa.<\/p>\n<p>&nbsp;<\/p>\n<p><em>Bras\u00edlia, 16h19min<\/em><\/p>\n","protected":false},"excerpt":{"rendered":"<p>O presidente Jair Bolsonaro desdenha da agressividade do novo coronav\u00edrus, mas o total de mortes no pa\u00eds at\u00e9 esta quarta-feira (15\/04) pela Covid-19, de 1.736, j\u00e1 corresponde \u00e0 queda de 11 avi\u00f5es em menos de um m\u00eas. A primeira morte pelo v\u00edrus no Brasil foi anunciada em 17 de mar\u00e7o. &nbsp; Em 29 de setembro [&hellip;]<\/p>\n","protected":false},"author":22,"featured_media":13413,"comment_status":"open","ping_status":"closed","sticky":false,"template":"","format":"standard","meta":{"footnotes":""},"categories":[600],"tags":[4578,4419,4505,4577,3368,279],"class_list":["post-13865","post","type-post","status-publish","format-standard","has-post-thumbnail","hentry","category-economia","tag-avioes","tag-coronavirus","tag-covid-19","tag-mortes","tag-novo","tag-queda"],"_links":{"self":[{"href":"https:\/\/blogs.correiobraziliense.com.br\/vicente\/wp-json\/wp\/v2\/posts\/13865","targetHints":{"allow":["GET"]}}],"collection":[{"href":"https:\/\/blogs.correiobraziliense.com.br\/vicente\/wp-json\/wp\/v2\/posts"}],"about":[{"href":"https:\/\/blogs.correiobraziliense.com.br\/vicente\/wp-json\/wp\/v2\/types\/post"}],"author":[{"embeddable":true,"href":"https:\/\/blogs.correiobraziliense.com.br\/vicente\/wp-json\/wp\/v2\/users\/22"}],"replies":[{"embeddable":true,"href":"https:\/\/blogs.correiobraziliense.com.br\/vicente\/wp-json\/wp\/v2\/comments?post=13865"}],"version-history":[{"count":1,"href":"https:\/\/blogs.correiobraziliense.com.br\/vicente\/wp-json\/wp\/v2\/posts\/13865\/revisions"}],"predecessor-version":[{"id":13866,"href":"https:\/\/blogs.correiobraziliense.com.br\/vicente\/wp-json\/wp\/v2\/posts\/13865\/revisions\/13866"}],"wp:featuredmedia":[{"embeddable":true,"href":"https:\/\/blogs.correiobraziliense.com.br\/vicente\/wp-json\/wp\/v2\/media\/13413"}],"wp:attachment":[{"href":"https:\/\/blogs.correiobraziliense.com.br\/vicente\/wp-json\/wp\/v2\/media?parent=13865"}],"wp:term":[{"taxonomy":"category","embeddable":true,"href":"https:\/\/blogs.correiobraziliense.com.br\/vicente\/wp-json\/wp\/v2\/categories?post=13865"},{"taxonomy":"post_tag","embeddable":true,"href":"https:\/\/blogs.correiobraziliense.com.br\/vicente\/wp-json\/wp\/v2\/tags?post=13865"}],"curies":[{"name":"wp","href":"https:\/\/api.w.org\/{rel}","templated":true}]}}