{"id":13838,"date":"2020-04-14T09:30:41","date_gmt":"2020-04-14T12:30:41","guid":{"rendered":"https:\/\/blogs.correiobraziliense.com.br\/vicente\/?p=13838"},"modified":"2020-04-14T20:46:22","modified_gmt":"2020-04-14T23:46:22","slug":"fmi-preve-recessao-de-53-na-economia-do-brasil-neste-ano","status":"publish","type":"post","link":"https:\/\/blogs.correiobraziliense.com.br\/vicente\/fmi-preve-recessao-de-53-na-economia-do-brasil-neste-ano\/","title":{"rendered":"FMI prev\u00ea recess\u00e3o de 5,3% na economia do Brasil neste ano"},"content":{"rendered":"<p>ROSANA HESSEL<\/p>\n<p>&nbsp;<\/p>\n<p>Em meio \u00e0 desacelera\u00e7\u00e3o global desencadeada pela Covid-19, pandemia provocada pelo novo coronav\u00edrus, o Fundo Monet\u00e1rio Internacional (FMI) red<span style=\"font-weight: 400\">uziu em 7,5 pontos percentuais as previs\u00f5es para o Produto Interno Bruto (PIB) Brasil. Agora estima retra\u00e7\u00e3o de 5,3% no PIB brasileiro, neste ano, em vez da expectativa de expans\u00e3o de 2,1% do relat\u00f3rio atualizado em janeiro. <\/span><\/p>\n<p>&nbsp;<\/p>\n<p>O cen\u00e1rio tra\u00e7ado pelo FMI no relat\u00f3rio Panorama Econ\u00f4mico Global, divulgado nesta ter\u00e7a-feira (14\/04) \u00e9 de uma recess\u00e3o global sem precedentes, que <span style=\"font-weight: 400\">economista-chefe do FMI, Gita Gopinath, avalia como &#8220;<\/span><span style=\"font-weight: 400\">O Grande Bloqueio&#8221; ou &#8220;O Grande Confinamento&#8221;, algo pior crise econ\u00f4mica desde a Grande Depress\u00e3o, ocorrida na d\u00e9cada de 1930.\u00a0 Em rela\u00e7\u00e3o ao Brasil, ela destacou que o pa\u00eds foi atingido por m\u00faltiplos choques, como a queda dos pre\u00e7os das commodities e das trocas comerciais dos principais parceiros, como a China, mas refor\u00e7ou que o &#8220;principal objetivo para o pa\u00eds agora \u00e9 combater a pandemia&#8221;.<\/span><\/p>\n<p>&nbsp;<\/p>\n<p>&nbsp;<\/p>\n<p>O Fundo prev\u00ea retra\u00e7\u00e3o de 3% na economia global em 2020, com uma recupera\u00e7\u00e3o mais firme a partir de 2012 em v\u00e1rios pa\u00edses. Contudo, no caso do Brasil, o\u00a0<span style=\"font-weight: 400\">organismo multilateral estima crescimento de 2,9%. Essa taxa \u00e9 inferior ao avan\u00e7o estimado para a economia global no pr\u00f3ximo ano, de 5,8%, sinalizando que a retomada no Brasil ser\u00e1 em ritmo mais lento do que nos demais pa\u00edses.<\/span><\/p>\n<p>&nbsp;<\/p>\n<p><strong>Emergentes<\/strong><\/p>\n<p>&nbsp;<\/p>\n<p><span style=\"font-weight: 400\">O FMI prev\u00ea uma retra\u00e7\u00e3o de 1% nas economias emergentes em 2020. Caso confirmado,\u00a0 ser\u00e1 a primeira vez desde o in\u00edcio da s\u00e9rie hist\u00f3rica do Fundo, iniciada em 1980, que haver\u00e1 uma retra\u00e7\u00e3o do do PIB dos pa\u00edses em desenvolvimento. China e \u00cdndia, os principais motores da economia global, devem registar crescimento abaixo de 2% neste ano pelas novas proje\u00e7\u00f5es do FMI, de 1,2% e 1,9%, respectivamente. Em janeiro, as estimativas eram de expans\u00e3o de 6% e de 5,8% para esses dois pa\u00edses.<\/span><\/p>\n<p>&nbsp;<\/p>\n<p><span style=\"font-weight: 400\">Pelas novas estimativas do FMI,\u00a0 a Am\u00e9rica Latina dever\u00e1 encolher 5,2%, neste ano, em vez de avan\u00e7ar 1,6% como o esperado em janeiro. Esse recuo ser\u00e1 puxado pelo Brasil e pelo M\u00e9xico, que dever\u00e1 registrar retra\u00e7\u00e3o de 6,6% e n\u00e3o mais alta de 1% estimadas no relat\u00f3rio anterior.\u00a0<\/span><\/p>\n<p>&nbsp;<\/p>\n<p><span style=\"font-weight: 400\">O Fundo ainda prev\u00ea retra\u00e7\u00e3o de 5,5%, no PIB da R\u00fassia, de 6,6%, no PIB da \u00c1frica do Sul. Esses dois pa\u00edses devem registrar os piores desempenhos entre os integrantes do Brics, grupo das economias emergentes tamb\u00e9m composto por Brasil, China e \u00cdndia.<\/span><\/p>\n<p>&nbsp;<\/p>\n<p><span style=\"font-weight: 400\">.<\/span><\/p>\n","protected":false},"excerpt":{"rendered":"<p>ROSANA HESSEL &nbsp; Em meio \u00e0 desacelera\u00e7\u00e3o global desencadeada pela Covid-19, pandemia provocada pelo novo coronav\u00edrus, o Fundo Monet\u00e1rio Internacional (FMI) reduziu em 7,5 pontos percentuais as previs\u00f5es para o Produto Interno Bruto (PIB) Brasil. Agora estima retra\u00e7\u00e3o de 5,3% no PIB brasileiro, neste ano, em vez da expectativa de expans\u00e3o de 2,1% do relat\u00f3rio [&hellip;]<\/p>\n","protected":false},"author":22,"featured_media":0,"comment_status":"open","ping_status":"closed","sticky":false,"template":"","format":"standard","meta":{"footnotes":""},"categories":[600],"tags":[4419,4505,59,2250,58,31],"class_list":["post-13838","post","type-post","status-publish","format-standard","hentry","category-economia","tag-coronavirus","tag-covid-19","tag-depressao","tag-fmi","tag-pib","tag-recessao"],"_links":{"self":[{"href":"https:\/\/blogs.correiobraziliense.com.br\/vicente\/wp-json\/wp\/v2\/posts\/13838","targetHints":{"allow":["GET"]}}],"collection":[{"href":"https:\/\/blogs.correiobraziliense.com.br\/vicente\/wp-json\/wp\/v2\/posts"}],"about":[{"href":"https:\/\/blogs.correiobraziliense.com.br\/vicente\/wp-json\/wp\/v2\/types\/post"}],"author":[{"embeddable":true,"href":"https:\/\/blogs.correiobraziliense.com.br\/vicente\/wp-json\/wp\/v2\/users\/22"}],"replies":[{"embeddable":true,"href":"https:\/\/blogs.correiobraziliense.com.br\/vicente\/wp-json\/wp\/v2\/comments?post=13838"}],"version-history":[{"count":7,"href":"https:\/\/blogs.correiobraziliense.com.br\/vicente\/wp-json\/wp\/v2\/posts\/13838\/revisions"}],"predecessor-version":[{"id":13864,"href":"https:\/\/blogs.correiobraziliense.com.br\/vicente\/wp-json\/wp\/v2\/posts\/13838\/revisions\/13864"}],"wp:attachment":[{"href":"https:\/\/blogs.correiobraziliense.com.br\/vicente\/wp-json\/wp\/v2\/media?parent=13838"}],"wp:term":[{"taxonomy":"category","embeddable":true,"href":"https:\/\/blogs.correiobraziliense.com.br\/vicente\/wp-json\/wp\/v2\/categories?post=13838"},{"taxonomy":"post_tag","embeddable":true,"href":"https:\/\/blogs.correiobraziliense.com.br\/vicente\/wp-json\/wp\/v2\/tags?post=13838"}],"curies":[{"name":"wp","href":"https:\/\/api.w.org\/{rel}","templated":true}]}}