{"id":13834,"date":"2020-04-14T09:30:08","date_gmt":"2020-04-14T12:30:08","guid":{"rendered":"https:\/\/blogs.correiobraziliense.com.br\/vicente\/?p=13834"},"modified":"2020-04-14T19:19:31","modified_gmt":"2020-04-14T22:19:31","slug":"fmi-crise-economica-global-e-a-pior-desde-a-grande-depressao","status":"publish","type":"post","link":"https:\/\/blogs.correiobraziliense.com.br\/vicente\/fmi-crise-economica-global-e-a-pior-desde-a-grande-depressao\/","title":{"rendered":"FMI: crise econ\u00f4mica global \u00e9 a pior desde a Grande Depress\u00e3o"},"content":{"rendered":"<p><span style=\"font-weight: 400\">ROSANA HESSEL<\/span><\/p>\n<p>&nbsp;<\/p>\n<p><span style=\"font-weight: 400\">O Fundo Monet\u00e1rio Internacional (FMI) revisou para baixo as previs\u00f5es para a economia global em um cen\u00e1rio que est\u00e1 sendo denominado de &#8220;O Grande Bloqueio&#8221; ou &#8220;O Grande Confinamento&#8221;, pior crise econ\u00f4mica desde a Grande Depress\u00e3o, ocorrida na d\u00e9cada de 1930.\u00a0\u00a0<\/span><span style=\"font-weight: 400\">Em fun\u00e7\u00e3o da desacelera\u00e7\u00e3o generalizada devido ao isolamento social contra a Covid-19, pandemia provocada pelo novo coronav\u00edrus, o Fundo reduziu em 6,3 pontos percentuais as estimativas de janeiro para o crescimento do Produto Interno Bruto (PIB) mundial em 2020, para uma queda de 3%. <\/span><\/p>\n<p>&nbsp;<\/p>\n<p><span style=\"font-weight: 400\">Ser\u00e1 o pior resultado desde desde 2009, quando a retra\u00e7\u00e3o foi de 0,01%. A previs\u00e3o anterior era de um crescimento de 3,3%.\u00a0\u00a0<\/span><span style=\"font-weight: 400\">\u201cEssa \u00e9 uma revis\u00e3o importante em um per\u00edodo muito curto e isso faz do grande\u00a0 Este \u00e9 um rebaixamento de 6,3 pontos percentuais em rela\u00e7\u00e3o a janeiro de 2020, uma revis\u00e3o importante em um per\u00edodo muito curto. Isso faz do Grande Bloqueio a mais profunda recess\u00e3o desde a Grande Depress\u00e3o e ela \u00e9 muito pior do que a crise financeira global\u201d, resumiu a economista-chefe do FMI, Gita Gopinath, em seu coment\u00e1rio sobre a nova edi\u00e7\u00e3o do relat\u00f3rio Panorama Econ\u00f4mico Global, divulgada nesta ter\u00e7a-feira (14\/04), em Washington. <\/span><\/p>\n<p>&nbsp;<\/p>\n<p><span style=\"font-weight: 400\">Na avalia\u00e7\u00e3o da economista indiana, essa crise \u00e9 sem precedentes, com\u00a0 velocidade e intensidade do colapso dif\u00edceis de serem mensuradas. \u201cExiste uma incerteza substancial sobre seu impacto na vida e nos meios de subsist\u00eancia das pessoas. Depende muito da epidemiologia do v\u00edrus, da efic\u00e1cia das medidas de conten\u00e7\u00e3o e do desenvolvimento de terap\u00eauticas e vacinas, todas dif\u00edceis de prever\u201d, explicou.<\/span><\/p>\n<p>&nbsp;<\/p>\n<p><span style=\"font-weight: 400\">O Fundo reduziu em 7,5 pontos percentuais as previs\u00f5es para o Brasil e agora estima retra\u00e7\u00e3o de 5,3% no PIB brasileiro neste ano, em vez da expectativa de expans\u00e3o de 2,2% do relat\u00f3rio atualizado em janeiro. Para 2021, o organismo multilateral estima crescimento de 2,9%, em vez da alta de 2,3% estimada em janeiro.<\/span><\/p>\n<p>&nbsp;<\/p>\n<p><span style=\"font-weight: 400\">O FMI prev\u00ea retra\u00e7\u00e3o de 6,1% nas economias avan\u00e7adas neste ano e n\u00e3o mais crescimento de 1,6% estimado em janeiro. Para 2021, a expectativa \u00e9 de uma recupera\u00e7\u00e3o de 4,5%, dado 2,9 pontos percentuais acima da previs\u00e3o anterior. Enquanto isso, o Fundo elevou de 2,4% para 5,8% a previs\u00e3o de expans\u00e3o do PIB global.<\/span><\/p>\n<p>&nbsp;<\/p>\n<p><span style=\"font-weight: 400\">Pelas novas estimativas a queda entre os pa\u00edses desenvolvidos ser\u00e1 generalizada neste ano. Os Estados Unidos devem registrar retra\u00e7\u00e3o de 5,9% neste ano enquanto a Zona do Euro dever\u00e1 registrar retra\u00e7\u00e3o de 7,5%, pelas novas proje\u00e7\u00f5es. A It\u00e1lia dever\u00e1 registar a maior queda no PIB, de 9,1%, seguida de perto pela Espanha, com recuo de 8%. O PIB do Jap\u00e3o deve encolher 5,2% e o da Alemanha, 7%.<\/span><\/p>\n<p>&nbsp;<\/p>\n<p>&nbsp;<\/p>\n<p>Veja as principais estimativas para a economia global divulgadas hoje pelo FMI:<\/p>\n<p>&nbsp;<\/p>\n<p><a href=\"https:\/\/blogs.correiobraziliense.com.br\/vicente\/wp-content\/uploads\/sites\/16\/2020\/04\/WhatsApp-Image-2020-04-14-at-11.33.44.jpeg\"><img loading=\"lazy\" decoding=\"async\" class=\"alignnone size-large wp-image-13845\" src=\"https:\/\/blogs.correiobraziliense.com.br\/vicente\/wp-content\/uploads\/sites\/16\/2020\/04\/WhatsApp-Image-2020-04-14-at-11.33.44-473x1024.jpeg\" alt=\"\" width=\"473\" height=\"1024\" \/><\/a><\/p>\n<p>&nbsp;<\/p>\n","protected":false},"excerpt":{"rendered":"<p>ROSANA HESSEL &nbsp; O Fundo Monet\u00e1rio Internacional (FMI) revisou para baixo as previs\u00f5es para a economia global em um cen\u00e1rio que est\u00e1 sendo denominado de &#8220;O Grande Bloqueio&#8221; ou &#8220;O Grande Confinamento&#8221;, pior crise econ\u00f4mica desde a Grande Depress\u00e3o, ocorrida na d\u00e9cada de 1930.\u00a0\u00a0Em fun\u00e7\u00e3o da desacelera\u00e7\u00e3o generalizada devido ao isolamento social contra a Covid-19, [&hellip;]<\/p>\n","protected":false},"author":22,"featured_media":0,"comment_status":"open","ping_status":"closed","sticky":false,"template":"","format":"standard","meta":{"footnotes":""},"categories":[600],"tags":[589,2250,4574,4575,58],"class_list":["post-13834","post","type-post","status-publish","format-standard","hentry","category-economia","tag-economia","tag-fmi","tag-paises-desenvolvidos","tag-panorama-economico-global","tag-pib"],"_links":{"self":[{"href":"https:\/\/blogs.correiobraziliense.com.br\/vicente\/wp-json\/wp\/v2\/posts\/13834","targetHints":{"allow":["GET"]}}],"collection":[{"href":"https:\/\/blogs.correiobraziliense.com.br\/vicente\/wp-json\/wp\/v2\/posts"}],"about":[{"href":"https:\/\/blogs.correiobraziliense.com.br\/vicente\/wp-json\/wp\/v2\/types\/post"}],"author":[{"embeddable":true,"href":"https:\/\/blogs.correiobraziliense.com.br\/vicente\/wp-json\/wp\/v2\/users\/22"}],"replies":[{"embeddable":true,"href":"https:\/\/blogs.correiobraziliense.com.br\/vicente\/wp-json\/wp\/v2\/comments?post=13834"}],"version-history":[{"count":14,"href":"https:\/\/blogs.correiobraziliense.com.br\/vicente\/wp-json\/wp\/v2\/posts\/13834\/revisions"}],"predecessor-version":[{"id":13862,"href":"https:\/\/blogs.correiobraziliense.com.br\/vicente\/wp-json\/wp\/v2\/posts\/13834\/revisions\/13862"}],"wp:attachment":[{"href":"https:\/\/blogs.correiobraziliense.com.br\/vicente\/wp-json\/wp\/v2\/media?parent=13834"}],"wp:term":[{"taxonomy":"category","embeddable":true,"href":"https:\/\/blogs.correiobraziliense.com.br\/vicente\/wp-json\/wp\/v2\/categories?post=13834"},{"taxonomy":"post_tag","embeddable":true,"href":"https:\/\/blogs.correiobraziliense.com.br\/vicente\/wp-json\/wp\/v2\/tags?post=13834"}],"curies":[{"name":"wp","href":"https:\/\/api.w.org\/{rel}","templated":true}]}}