{"id":13829,"date":"2020-04-13T19:05:42","date_gmt":"2020-04-13T22:05:42","guid":{"rendered":"https:\/\/blogs.correiobraziliense.com.br\/vicente\/?p=13829"},"modified":"2020-04-13T19:13:32","modified_gmt":"2020-04-13T22:13:32","slug":"ifi-preve-retracao-no-pib-de-ate-52-no-cenario-mais-pessimista","status":"publish","type":"post","link":"https:\/\/blogs.correiobraziliense.com.br\/vicente\/ifi-preve-retracao-no-pib-de-ate-52-no-cenario-mais-pessimista\/","title":{"rendered":"IFI prev\u00ea retra\u00e7\u00e3o no PIB de at\u00e9 5,2% no cen\u00e1rio mais pessimista"},"content":{"rendered":"<p><span style=\"font-weight: 400\">ROSANA HESSEL<\/span><\/p>\n<p>&nbsp;<\/p>\n<p><span style=\"font-weight: 400\">Devido \u00e0 piora na atividade econ\u00f4mica em fun\u00e7\u00e3o da pandemia da Covid-19, provocada pelo novo coronv\u00edrus, a Institui\u00e7\u00e3o Fiscal Independente (IFI), do Senado, acaba de revisar as previs\u00f5es\u00a0 crescimento do Produto Interno Bruto (PIB) deste ano e prev\u00ea queda de at\u00e9 5,2% no PIB de 2020, no cen\u00e1rio pessimista.\u00a0<\/span><\/p>\n<p>&nbsp;<\/p>\n<p><span style=\"font-weight: 400\">A nova proje\u00e7\u00e3o leva em conta a retomada da atividade apenas a partir do fim de agosto, no pior dos cen\u00e1rios. Se a recupera\u00e7\u00e3o da atividade econ\u00f4mica ocorrer a partir de junho, a expectativa de queda do PIB passa a ser de 2,2%, conforme as proje\u00e7\u00f5es do cen\u00e1rio base. <\/span><\/p>\n<p>&nbsp;<\/p>\n<p><span style=\"font-weight: 400\">Os dados fazem parte do Relat\u00f3rio de Acompanhamento Fiscal (RAF) de abril, que ser\u00e1 divulgando pela IFI ainda nesta segunda-feira (13\/04).\u00a0\u00a0<\/span><span style=\"font-weight: 400\">A<\/span><span style=\"font-weight: 400\">\u00a0previs\u00e3o anterior, feita oficialmente em novembro de 2019, era de uma expans\u00e3o de 2,2% no PIB deste ano.\u00a0<\/span><\/p>\n<p>&nbsp;<\/p>\n<p>&nbsp;<\/p>\n<p><strong>D\u00edvida crescente<\/strong><\/p>\n<p>&nbsp;<\/p>\n<p><span style=\"font-weight: 400\">Com as novas estimativas, a IFI passou a prever uma piora nas contas p\u00fablicas de forma grave, com o d\u00e9ficit prim\u00e1rio do governo central (que inclui Tesouro Nacional, Banco Central e Previd\u00eancia Social) nos pr\u00f3ximos 10 anos, tanto no cen\u00e1rio base quanto no pessimista. Nessas previs\u00f5es, a estabiliza\u00e7\u00e3o da d\u00edvida p\u00fablica nesses dois cen\u00e1rios est\u00e1 descartada.\u00a0<\/span><\/p>\n<p>&nbsp;<\/p>\n<p><span style=\"font-weight: 400\">Pela proje\u00e7\u00e3o do cen\u00e1rio base, d\u00edvida p\u00fablica bruta vai continuar crescendo a partir deste ano, passando de 84,9% do PIB, neste ano, para 100,2% do PIB, em 2030. Neste ano, chegaria em 84,9% do PIB. J\u00e1 na estimativa pessimista, a d\u00edvida bruta passaria de 88,5% do PIB, neste ano, para 138,5% do PIB, em 2030.\u00a0\u00a0<\/span><span style=\"font-weight: 400\">\u201cNo cen\u00e1rio base, h\u00e1 uma possibilidade de estabiliza\u00e7\u00e3o ap\u00f3s 2030. Mas, no pessimista, a trajet\u00f3ria evidente de crescimento ininterrupto\u201d, alertou Felipe Salto, diretor executivo da IFI, em entrevista ao <strong>Blog<\/strong>.<\/span><\/p>\n<p>&nbsp;<\/p>\n<p><span style=\"font-weight: 400\">Levando em conta as premissas do cen\u00e1rio base, a IFI prev\u00ea\u00a0queda de R$ 151,3 bilh\u00f5es na receita deste ano em rela\u00e7\u00e3o a 2019.\u00a0 Pelas novas estimativas, o deficit\u00a0<\/span><span style=\"font-weight: 400\">prim\u00e1rio do governo central seria de R$ 514,6 bilh\u00f5es, o equivalente a 7% do PIB, considerando o valor nominal de R$ 7,3 trilh\u00f5es para este ano.\u00a0<\/span><\/p>\n<p>&nbsp;<\/p>\n<p><span style=\"font-weight: 400\">\u201cNesse contexto, a d\u00edvida p\u00fablica crescer\u00e1 fortemente em 2020, devendo encerrar o ano em 84,9% do PIB e crescendo, no cen\u00e1rio base, at\u00e9 mais de 100% do PIB em dez anos\u201d, informou o documento da IFI. Pelas proje\u00e7\u00f5es da Institui\u00e7\u00e3o, o rombo passaria para 2,8% do PIB, em 2021, ou seja, R$ 205 bilh\u00f5es a R$ 210 bilh\u00f5es, considerando o PIB nominal entre R$ 7,3 trilh\u00f5es e R$ 7,5 trilh\u00f5es.<\/span><\/p>\n<p>&nbsp;<\/p>\n<p>As previs\u00f5es da IFI para o PIB est\u00e3o mais pessimistas do que as da ag\u00eancia de classifica\u00e7\u00e3o de risco Standard &amp; Poor&#8217;s (S&amp;P), que estima queda de 0,7% do PIB. Contudo, as duas institui\u00e7\u00f5es preveem um rombo nas contas do governo central parecido. A S&amp;P prev\u00ea deficit prim\u00e1rio de 7,1% do PIB, neste ano, com a d\u00edvida p\u00fablica bruta chegando em 85,3% do PIB. J\u00e1 em 2021, a ag\u00eancia prev\u00ea um rombo maior, de 4,2% do PIB, passando para 2,3% do PIB, em 2022.<\/p>\n<p>&nbsp;<\/p>\n<p><span style=\"font-weight: 400\">Na pr\u00f3xima quarta-feira, a equipe econ\u00f4mica dever\u00e1 enviar ao Congresso o projeto da Lei de Diretrizes Or\u00e7ament\u00e1rias (LDO), com piora no resultado prim\u00e1rio deste ano e no pr\u00f3ximo.\u00a0\u00a0<\/span><span style=\"font-weight: 400\">Especialistas veem como certo o estouro do teto de gastos a partir de 2021, dada a piora nas contas p\u00fablicas devido \u00e0 queda na arrecada\u00e7\u00e3o e ao aumento dos gastos fiscais para conter os efeitos da pandemia.\u00a0\u00a0<\/span><\/p>\n<p>&nbsp;<\/p>\n<p>&nbsp;<\/p>\n","protected":false},"excerpt":{"rendered":"<p>ROSANA HESSEL &nbsp; Devido \u00e0 piora na atividade econ\u00f4mica em fun\u00e7\u00e3o da pandemia da Covid-19, provocada pelo novo coronv\u00edrus, a Institui\u00e7\u00e3o Fiscal Independente (IFI), do Senado, acaba de revisar as previs\u00f5es\u00a0 crescimento do Produto Interno Bruto (PIB) deste ano e prev\u00ea queda de at\u00e9 5,2% no PIB de 2020, no cen\u00e1rio pessimista.\u00a0 &nbsp; A nova [&hellip;]<\/p>\n","protected":false},"author":22,"featured_media":0,"comment_status":"open","ping_status":"closed","sticky":false,"template":"","format":"standard","meta":{"footnotes":""},"categories":[600],"tags":[804,2433,3566,58,586],"class_list":["post-13829","post","type-post","status-publish","format-standard","hentry","category-economia","tag-divida-publica","tag-fiscal","tag-ifi","tag-pib","tag-senado"],"_links":{"self":[{"href":"https:\/\/blogs.correiobraziliense.com.br\/vicente\/wp-json\/wp\/v2\/posts\/13829","targetHints":{"allow":["GET"]}}],"collection":[{"href":"https:\/\/blogs.correiobraziliense.com.br\/vicente\/wp-json\/wp\/v2\/posts"}],"about":[{"href":"https:\/\/blogs.correiobraziliense.com.br\/vicente\/wp-json\/wp\/v2\/types\/post"}],"author":[{"embeddable":true,"href":"https:\/\/blogs.correiobraziliense.com.br\/vicente\/wp-json\/wp\/v2\/users\/22"}],"replies":[{"embeddable":true,"href":"https:\/\/blogs.correiobraziliense.com.br\/vicente\/wp-json\/wp\/v2\/comments?post=13829"}],"version-history":[{"count":3,"href":"https:\/\/blogs.correiobraziliense.com.br\/vicente\/wp-json\/wp\/v2\/posts\/13829\/revisions"}],"predecessor-version":[{"id":13832,"href":"https:\/\/blogs.correiobraziliense.com.br\/vicente\/wp-json\/wp\/v2\/posts\/13829\/revisions\/13832"}],"wp:attachment":[{"href":"https:\/\/blogs.correiobraziliense.com.br\/vicente\/wp-json\/wp\/v2\/media?parent=13829"}],"wp:term":[{"taxonomy":"category","embeddable":true,"href":"https:\/\/blogs.correiobraziliense.com.br\/vicente\/wp-json\/wp\/v2\/categories?post=13829"},{"taxonomy":"post_tag","embeddable":true,"href":"https:\/\/blogs.correiobraziliense.com.br\/vicente\/wp-json\/wp\/v2\/tags?post=13829"}],"curies":[{"name":"wp","href":"https:\/\/api.w.org\/{rel}","templated":true}]}}