{"id":13815,"date":"2020-04-08T16:54:20","date_gmt":"2020-04-08T19:54:20","guid":{"rendered":"https:\/\/blogs.correiobraziliense.com.br\/vicente\/?p=13815"},"modified":"2020-04-08T17:49:45","modified_gmt":"2020-04-08T20:49:45","slug":"391-mil-moradores-do-distrito-federal-tem-direito-ao-auxilio-de-r-600","status":"publish","type":"post","link":"https:\/\/blogs.correiobraziliense.com.br\/vicente\/391-mil-moradores-do-distrito-federal-tem-direito-ao-auxilio-de-r-600\/","title":{"rendered":"391 mil moradores do Distrito Federal t\u00eam direito ao aux\u00edlio de R$ 600"},"content":{"rendered":"<h2>Dados do Departamento\u00a0Intersindical de Estat\u00edstica e Estudos Socioecon\u00f4micos (Dieese) indicam que 391 mil moradores do Distrito Federal (13,2% do total) t\u00eam direito a receber o aux\u00edlio emergencial de R$ 600 que o governo pagar\u00e1 ao longo de tr\u00eas meses.<\/h2>\n<p>&nbsp;<\/p>\n<p>S\u00e3o pessoas que, segundo o Dieese, se encaixam no perfil definido pelo Minist\u00e9rio da Cidadania: trabalhadores informais, microempreendedores individuais e benefici\u00e1rios do Bolsa Fam\u00edlia. O primeiro lote de aux\u00edlios ser\u00e1 pago nesta quinta-feira (09\/04).<\/p>\n<p>&nbsp;<\/p>\n<p>A meta do governo \u00e9 pagar as tr\u00eas parcelas do aux\u00edlio \u2014 cada uma de R$ 600 \u2014 at\u00e9 o fim de maio, para ajudar as pessoas que praticamente perderam suas rendas por causa da pandemia do novo coronav\u00edrus e est\u00e3o nos grupos mais vulner\u00e1veis. As mulheres chefes de fam\u00edlia receber\u00e3o R$ 1.200 por m\u00eas.<\/p>\n<p>&nbsp;<\/p>\n<p><strong>Exig\u00eancias<\/strong><\/p>\n<p>&nbsp;<\/p>\n<p>Segundo o Dieese, no Brasil inteiro, 42,3 milh\u00f5es de pessoas est\u00e3o aptas a receberem a ajuda financeira do governo. Todas\u00a0t\u00eam\u00a0mais de 18 anos e n\u00e3o t\u00eam\u00a0emprego formal (carteira assinada, registro no setor p\u00fablico estatut\u00e1rio ou comissionado ou militar).<\/p>\n<p>&nbsp;<\/p>\n<p>Essas pessoas tamb\u00e9m n\u00e3o\u00a0recebem\u00a0Benef\u00edcios Assistencial de Presta\u00e7\u00e3o Continuada (BPC) nem\u00a0aposentadoria ou pens\u00e3o paga pelo Instituto Nacional do Seguro Social (INSS) e pelos sistemas de Previd\u00eancia\u00a0estadual, municipal e federal e nem\u00a0seguro-desemprego ou\u00a0seguro-defeso.<\/p>\n<p>&nbsp;<\/p>\n<p>Os alvos do governo devem ainda ter renda familiar mensal per capita de at\u00e9 1\/2 (meio) sal\u00e1rio m\u00ednimo ou renda familiar mensal total de at\u00e9 tr\u00eas sal\u00e1rios m\u00ednimos, excluindo o valor recebido do Bolsa-Fam\u00edlia. O benef\u00edcio ser\u00e1 limitado a duas pessoas por domic\u00edlio.<\/p>\n<p>&nbsp;<\/p>\n<p><strong>Procura pela Caixa<\/strong><\/p>\n<p>&nbsp;<\/p>\n<p>Pelos dados da Caixa, at\u00e9 \u00e0s 16h desta quarta-feira (08\/04), 25,1 milh\u00f5es de pessoas j\u00e1 tinham sido cadastradas para receber o aux\u00edlio emergencial, dos quais 39,3% indicaram a poupan\u00e7a digital para receber o dinheiro.<\/p>\n<p>&nbsp;<\/p>\n<p>A Caixa informa ainda que o site com todas as informa\u00e7\u00f5es sobre o aux\u00edlio emergencial recebeu mais de 186 milh\u00f5es de visita. E foram disparadas 62 milh\u00f5es de mensagens por SMS. Mais: foram feitos 22,4 milh\u00f5es de downloads do aplicativo lan\u00e7ado pelo banco.<\/p>\n<p>&nbsp;<\/p>\n<p><em>Bras\u00edlia, 16h54min<\/em><\/p>\n","protected":false},"excerpt":{"rendered":"<p>Dados do Departamento\u00a0Intersindical de Estat\u00edstica e Estudos Socioecon\u00f4micos (Dieese) indicam que 391 mil moradores do Distrito Federal (13,2% do total) t\u00eam direito a receber o aux\u00edlio emergencial de R$ 600 que o governo pagar\u00e1 ao longo de tr\u00eas meses. &nbsp; S\u00e3o pessoas que, segundo o Dieese, se encaixam no perfil definido pelo Minist\u00e9rio da Cidadania: [&hellip;]<\/p>\n","protected":false},"author":22,"featured_media":13359,"comment_status":"open","ping_status":"closed","sticky":false,"template":"","format":"standard","meta":{"footnotes":""},"categories":[600],"tags":[4569,1498,110,4570,4572,4571],"class_list":["post-13815","post","type-post","status-publish","format-standard","has-post-thumbnail","hentry","category-economia","tag-auxilio","tag-bolsa-familia","tag-caixa","tag-emergencial","tag-informais","tag-r-600"],"_links":{"self":[{"href":"https:\/\/blogs.correiobraziliense.com.br\/vicente\/wp-json\/wp\/v2\/posts\/13815","targetHints":{"allow":["GET"]}}],"collection":[{"href":"https:\/\/blogs.correiobraziliense.com.br\/vicente\/wp-json\/wp\/v2\/posts"}],"about":[{"href":"https:\/\/blogs.correiobraziliense.com.br\/vicente\/wp-json\/wp\/v2\/types\/post"}],"author":[{"embeddable":true,"href":"https:\/\/blogs.correiobraziliense.com.br\/vicente\/wp-json\/wp\/v2\/users\/22"}],"replies":[{"embeddable":true,"href":"https:\/\/blogs.correiobraziliense.com.br\/vicente\/wp-json\/wp\/v2\/comments?post=13815"}],"version-history":[{"count":2,"href":"https:\/\/blogs.correiobraziliense.com.br\/vicente\/wp-json\/wp\/v2\/posts\/13815\/revisions"}],"predecessor-version":[{"id":13818,"href":"https:\/\/blogs.correiobraziliense.com.br\/vicente\/wp-json\/wp\/v2\/posts\/13815\/revisions\/13818"}],"wp:featuredmedia":[{"embeddable":true,"href":"https:\/\/blogs.correiobraziliense.com.br\/vicente\/wp-json\/wp\/v2\/media\/13359"}],"wp:attachment":[{"href":"https:\/\/blogs.correiobraziliense.com.br\/vicente\/wp-json\/wp\/v2\/media?parent=13815"}],"wp:term":[{"taxonomy":"category","embeddable":true,"href":"https:\/\/blogs.correiobraziliense.com.br\/vicente\/wp-json\/wp\/v2\/categories?post=13815"},{"taxonomy":"post_tag","embeddable":true,"href":"https:\/\/blogs.correiobraziliense.com.br\/vicente\/wp-json\/wp\/v2\/tags?post=13815"}],"curies":[{"name":"wp","href":"https:\/\/api.w.org\/{rel}","templated":true}]}}