{"id":13810,"date":"2020-04-07T19:26:07","date_gmt":"2020-04-07T22:26:07","guid":{"rendered":"https:\/\/blogs.correiobraziliense.com.br\/vicente\/?p=13810"},"modified":"2020-04-08T17:56:13","modified_gmt":"2020-04-08T20:56:13","slug":"bares-hoteis-e-restaurantes-conseguem-liminar-contra-protestos-em-cartorios","status":"publish","type":"post","link":"https:\/\/blogs.correiobraziliense.com.br\/vicente\/bares-hoteis-e-restaurantes-conseguem-liminar-contra-protestos-em-cartorios\/","title":{"rendered":"Bares, hot\u00e9is e restaurantes conseguem liminar contra protestos em cart\u00f3rios"},"content":{"rendered":"<h2>Na tentativa de evitar a suspens\u00e3o de cr\u00e9dito banc\u00e1rio em tempos t\u00e3o dif\u00edceis, de combate ao novo coronav\u00edrus, o Sindicato Patronal de Hot\u00e9is, Restaurantes, Bares e Similares de Bras\u00edlia\u00a0 (Sindhobar) obteve decis\u00e3o liminar impedindo todos os cart\u00f3rios de protestos do Distrito Federal, a Serasa e o Servi\u00e7o de Prote\u00e7\u00e3o ao Cr\u00e9dito (SPC) de registrarem e protestarem t\u00edtulos de empresas do setor pelo prazo de 60 dias, a contar de 6 de abril.<\/h2>\n<p>&nbsp;<\/p>\n<p>O\u00a0objetivo do sindicato\u00a0foi o de resguardar o direito dos empres\u00e1rios de buscar ajuda financeira em institui\u00e7\u00f5es banc\u00e1rias, enquanto durar o fechamento de seus empreendimentos.<\/p>\n<p>&nbsp;<\/p>\n<p>Segundo o Sindhobar, caso n\u00e3o conseguisse a liminar, obtida por interm\u00e9dio do advogado Alexandre Matias, do escrit\u00f3rio de Advocacia Maciel, muitos cadastros seriam inviabilizados pela Certid\u00e3o Positiva de Protesto, decorrente de uma situa\u00e7\u00e3o de fluxo de caixa alheia ao desejo dos empres\u00e1rios.<\/p>\n<p>&nbsp;<\/p>\n<p>Sem a liminar, refor\u00e7a o sindicato, os maiores prejudicados seriam os micros e pequenos empreendedores, que j\u00e1 t\u00eam acesso restrito aos bancos. O setor j\u00e1 demitiu quase 5 mil funcion\u00e1rios somente no DF. &#8220;A decis\u00e3o n\u00e3o \u00e9 para impedir a cobran\u00e7a de d\u00edvidas, mas para suspender por 60 dias o protesto, o que inviabilizaria o acesso a qualquer pol\u00edtica de cr\u00e9dito governamental&#8221;, afirma Matias.<\/p>\n<p>&nbsp;<\/p>\n<p><em>Bras\u00edlia, 19h01min<\/em><\/p>\n","protected":false},"excerpt":{"rendered":"<p>Na tentativa de evitar a suspens\u00e3o de cr\u00e9dito banc\u00e1rio em tempos t\u00e3o dif\u00edceis, de combate ao novo coronav\u00edrus, o Sindicato Patronal de Hot\u00e9is, Restaurantes, Bares e Similares de Bras\u00edlia\u00a0 (Sindhobar) obteve decis\u00e3o liminar impedindo todos os cart\u00f3rios de protestos do Distrito Federal, a Serasa e o Servi\u00e7o de Prote\u00e7\u00e3o ao Cr\u00e9dito (SPC) de registrarem e [&hellip;]<\/p>\n","protected":false},"author":22,"featured_media":12891,"comment_status":"open","ping_status":"closed","sticky":false,"template":"","format":"standard","meta":{"footnotes":""},"categories":[600],"tags":[4221,4419,4567,937,3400],"class_list":["post-13810","post","type-post","status-publish","format-standard","has-post-thumbnail","hentry","category-economia","tag-bares","tag-coronavirus","tag-hoteis","tag-protestos","tag-restaurantes"],"_links":{"self":[{"href":"https:\/\/blogs.correiobraziliense.com.br\/vicente\/wp-json\/wp\/v2\/posts\/13810","targetHints":{"allow":["GET"]}}],"collection":[{"href":"https:\/\/blogs.correiobraziliense.com.br\/vicente\/wp-json\/wp\/v2\/posts"}],"about":[{"href":"https:\/\/blogs.correiobraziliense.com.br\/vicente\/wp-json\/wp\/v2\/types\/post"}],"author":[{"embeddable":true,"href":"https:\/\/blogs.correiobraziliense.com.br\/vicente\/wp-json\/wp\/v2\/users\/22"}],"replies":[{"embeddable":true,"href":"https:\/\/blogs.correiobraziliense.com.br\/vicente\/wp-json\/wp\/v2\/comments?post=13810"}],"version-history":[{"count":3,"href":"https:\/\/blogs.correiobraziliense.com.br\/vicente\/wp-json\/wp\/v2\/posts\/13810\/revisions"}],"predecessor-version":[{"id":13820,"href":"https:\/\/blogs.correiobraziliense.com.br\/vicente\/wp-json\/wp\/v2\/posts\/13810\/revisions\/13820"}],"wp:featuredmedia":[{"embeddable":true,"href":"https:\/\/blogs.correiobraziliense.com.br\/vicente\/wp-json\/wp\/v2\/media\/12891"}],"wp:attachment":[{"href":"https:\/\/blogs.correiobraziliense.com.br\/vicente\/wp-json\/wp\/v2\/media?parent=13810"}],"wp:term":[{"taxonomy":"category","embeddable":true,"href":"https:\/\/blogs.correiobraziliense.com.br\/vicente\/wp-json\/wp\/v2\/categories?post=13810"},{"taxonomy":"post_tag","embeddable":true,"href":"https:\/\/blogs.correiobraziliense.com.br\/vicente\/wp-json\/wp\/v2\/tags?post=13810"}],"curies":[{"name":"wp","href":"https:\/\/api.w.org\/{rel}","templated":true}]}}