{"id":13807,"date":"2020-04-07T17:37:14","date_gmt":"2020-04-07T20:37:14","guid":{"rendered":"https:\/\/blogs.correiobraziliense.com.br\/vicente\/?p=13807"},"modified":"2020-04-07T17:37:56","modified_gmt":"2020-04-07T20:37:56","slug":"osmar-terra-agora-e-chamado-de-porcina-aquele-que-foi-sem-nunca-ter-sido","status":"publish","type":"post","link":"https:\/\/blogs.correiobraziliense.com.br\/vicente\/osmar-terra-agora-e-chamado-de-porcina-aquele-que-foi-sem-nunca-ter-sido\/","title":{"rendered":"Osmar Terra agora \u00e9 chamado de Porcina, aquele que foi sem nunca ter sido"},"content":{"rendered":"<h2>O deputado Osmar Terra virou motivo de chacota na Esplanada dos Minist\u00e9rios. Depois de passar boa parte da segunda-feira (06\/04) achando que seria ministro da Sa\u00fade, inclusive falando com especialistas e governadores como se j\u00e1 estivesse no cargo, teve que cair na real.<\/h2>\n<p>&nbsp;<\/p>\n<p>Ele est\u00e1 sendo chamado de Porcina, aquele que foi sem nunca ter sido, numa refer\u00eancia \u00e0 personagem Vi\u00fava Porcina, interpretada por Regina Duarte, hoje secret\u00e1ria Nacional de Cultura, na novela Roque Santeiro.<\/p>\n<p>&nbsp;<\/p>\n<p>Por conveni\u00eancia, Terra compartilha das ideias do presidente Jair Bolsonaro, com quem se reuniu nos \u00faltimos dias. Ele \u00e9 a favor da suspens\u00e3o do distanciamento social e do uso da cloroquina no tratamento da Covid-19.<\/p>\n<p>&nbsp;<\/p>\n<p>Terra, que \u00e9 m\u00e9dico, quer porque quer voltar a ser ministro. Para isso, n\u00e3o se furtou em alimentar o descontentamento de Bolsonaro em rela\u00e7\u00e3o a Luiz Henrique Mandetta, mantido como ministro depois de um dia de tens\u00e3o.<\/p>\n<p>&nbsp;<\/p>\n<p>Mandeta, por sinal, se refere a seu desafeto como &#8220;Osmar Trevas&#8221;.<\/p>\n<p>&nbsp;<\/p>\n<p><em>Bras\u00edlia, 16h49min<\/em><\/p>\n","protected":false},"excerpt":{"rendered":"<p>O deputado Osmar Terra virou motivo de chacota na Esplanada dos Minist\u00e9rios. Depois de passar boa parte da segunda-feira (06\/04) achando que seria ministro da Sa\u00fade, inclusive falando com especialistas e governadores como se j\u00e1 estivesse no cargo, teve que cair na real. &nbsp; Ele est\u00e1 sendo chamado de Porcina, aquele que foi sem nunca [&hellip;]<\/p>\n","protected":false},"author":22,"featured_media":13808,"comment_status":"open","ping_status":"closed","sticky":false,"template":"","format":"standard","meta":{"footnotes":""},"categories":[600],"tags":[],"class_list":["post-13807","post","type-post","status-publish","format-standard","has-post-thumbnail","hentry","category-economia"],"_links":{"self":[{"href":"https:\/\/blogs.correiobraziliense.com.br\/vicente\/wp-json\/wp\/v2\/posts\/13807","targetHints":{"allow":["GET"]}}],"collection":[{"href":"https:\/\/blogs.correiobraziliense.com.br\/vicente\/wp-json\/wp\/v2\/posts"}],"about":[{"href":"https:\/\/blogs.correiobraziliense.com.br\/vicente\/wp-json\/wp\/v2\/types\/post"}],"author":[{"embeddable":true,"href":"https:\/\/blogs.correiobraziliense.com.br\/vicente\/wp-json\/wp\/v2\/users\/22"}],"replies":[{"embeddable":true,"href":"https:\/\/blogs.correiobraziliense.com.br\/vicente\/wp-json\/wp\/v2\/comments?post=13807"}],"version-history":[{"count":1,"href":"https:\/\/blogs.correiobraziliense.com.br\/vicente\/wp-json\/wp\/v2\/posts\/13807\/revisions"}],"predecessor-version":[{"id":13809,"href":"https:\/\/blogs.correiobraziliense.com.br\/vicente\/wp-json\/wp\/v2\/posts\/13807\/revisions\/13809"}],"wp:featuredmedia":[{"embeddable":true,"href":"https:\/\/blogs.correiobraziliense.com.br\/vicente\/wp-json\/wp\/v2\/media\/13808"}],"wp:attachment":[{"href":"https:\/\/blogs.correiobraziliense.com.br\/vicente\/wp-json\/wp\/v2\/media?parent=13807"}],"wp:term":[{"taxonomy":"category","embeddable":true,"href":"https:\/\/blogs.correiobraziliense.com.br\/vicente\/wp-json\/wp\/v2\/categories?post=13807"},{"taxonomy":"post_tag","embeddable":true,"href":"https:\/\/blogs.correiobraziliense.com.br\/vicente\/wp-json\/wp\/v2\/tags?post=13807"}],"curies":[{"name":"wp","href":"https:\/\/api.w.org\/{rel}","templated":true}]}}