{"id":13801,"date":"2020-04-07T16:33:47","date_gmt":"2020-04-07T19:33:47","guid":{"rendered":"https:\/\/blogs.correiobraziliense.com.br\/vicente\/?p=13801"},"modified":"2020-04-07T16:33:47","modified_gmt":"2020-04-07T19:33:47","slug":"bnp-revisa-queda-do-pib-brasileiro-de-1-para-4-devido-ao-coronavirus","status":"publish","type":"post","link":"https:\/\/blogs.correiobraziliense.com.br\/vicente\/bnp-revisa-queda-do-pib-brasileiro-de-1-para-4-devido-ao-coronavirus\/","title":{"rendered":"BNP revisa queda do PIB brasileiro de 1% para 4% devido ao coronav\u00edrus"},"content":{"rendered":"<p>ROSANA HESSEL<\/p>\n<p>&nbsp;<\/p>\n<p><span style=\"font-weight: 400\">O BNP Paribas acaba de revisar as previs\u00f5es de crescimento do Produto Interno Bruto (PIB) do Brasil e agora prev\u00ea queda de 4%, devido aos impactos da pandemia de Covid-19, provocada pelo novo coronav\u00edrus. Essa \u00e9 a segunda reestimativa em menos de um m\u00eas. Em 18 de mar\u00e7o, o banco franc\u00eas tinha revisado a expectativa de crescimento do PIB brasileiro, de 1,5%, para uma queda de 1%.\u00a0<\/span><\/p>\n<p>&nbsp;<\/p>\n<p><span style=\"font-weight: 400\">Pelas novas estimativas da institui\u00e7\u00e3o financeira, as medidas necess\u00e1rias que precisar\u00e3o ser adotadas pelo governo para minimizar os efeitos dessa recess\u00e3o na qual\u00a0 pa\u00eds est\u00e1 mergulhando podem chegar a 10% do PIB em gastos novos, conforme relat\u00f3rio divulgado nesta ter\u00e7a-feira (07\/04).\u00a0\u00a0<\/span><\/p>\n<p>&nbsp;<\/p>\n<p><span style=\"font-weight: 400\">Com base nos an\u00fancios de medidas anunciadas pela equipe econ\u00f4mica, o banco contabilizou R$ 697,1 bilh\u00f5es em a\u00e7\u00f5es para minimizar os impactos da Covid-19 na economia. Desse montante, R$ 226,7 bilh\u00f5es, o equivalente a 3,2% do PIB, s\u00e3o gastos fiscais novos, como redu\u00e7\u00e3o do Imposto sobre Opera\u00e7\u00f5es Financeiras (IOF) em R$ 7 bilh\u00f5es e os pacotes de socorro aos trabalhadores informais, de R$ 98 bilh\u00f5es, e o de socorro \u00e0s empresas, de R$ 51 bilh\u00f5es.<\/span><\/p>\n<p>&nbsp;<\/p>\n<p><span style=\"font-weight: 400\">A expectativa do BNP para o resultado prim\u00e1rio para as contas p\u00fablicas \u00e9 de um deficit de 7,3% neste ano, ou seja, R$ 413 bilh\u00f5es, fazendo com que a d\u00edvida p\u00fablica bruta salte para 90% do PIB no fim do ano.<\/span><\/p>\n<p>&nbsp;<\/p>\n<p><span style=\"font-weight: 400\">O banco destacou que o Brasil vem lutando pela sustentabilidade fiscal h\u00e1 v\u00e1rios anos e lembrou que o governo conseguiu aprovar medidas essenciais de sustentabilidade fiscal, como o teto de gastos e a reforma da Previd\u00eancia. Antes da pandemia, a estimativa da institui\u00e7\u00e3o para a d\u00edvida p\u00fablica bruta chegaria a 75% do PIB neste ano. \u201cNossa simula\u00e7\u00e3o do choque e das medidas anunciadas mostra que a d\u00edvida bruta dever\u00e1 crescer 15 pontos percentuais\u201d, informou o relat\u00f3rio dos economistas do BNP.<\/span><\/p>\n<p>&nbsp;<\/p>\n","protected":false},"excerpt":{"rendered":"<p>ROSANA HESSEL &nbsp; O BNP Paribas acaba de revisar as previs\u00f5es de crescimento do Produto Interno Bruto (PIB) do Brasil e agora prev\u00ea queda de 4%, devido aos impactos da pandemia de Covid-19, provocada pelo novo coronav\u00edrus. Essa \u00e9 a segunda reestimativa em menos de um m\u00eas. Em 18 de mar\u00e7o, o banco franc\u00eas tinha [&hellip;]<\/p>\n","protected":false},"author":22,"featured_media":0,"comment_status":"open","ping_status":"closed","sticky":false,"template":"","format":"standard","meta":{"footnotes":""},"categories":[600],"tags":[4416,4419,179,804,4510,58],"class_list":["post-13801","post","type-post","status-publish","format-standard","hentry","category-economia","tag-bnp-paribas","tag-coronavirus","tag-crise","tag-divida-publica","tag-pandemia","tag-pib"],"_links":{"self":[{"href":"https:\/\/blogs.correiobraziliense.com.br\/vicente\/wp-json\/wp\/v2\/posts\/13801","targetHints":{"allow":["GET"]}}],"collection":[{"href":"https:\/\/blogs.correiobraziliense.com.br\/vicente\/wp-json\/wp\/v2\/posts"}],"about":[{"href":"https:\/\/blogs.correiobraziliense.com.br\/vicente\/wp-json\/wp\/v2\/types\/post"}],"author":[{"embeddable":true,"href":"https:\/\/blogs.correiobraziliense.com.br\/vicente\/wp-json\/wp\/v2\/users\/22"}],"replies":[{"embeddable":true,"href":"https:\/\/blogs.correiobraziliense.com.br\/vicente\/wp-json\/wp\/v2\/comments?post=13801"}],"version-history":[{"count":2,"href":"https:\/\/blogs.correiobraziliense.com.br\/vicente\/wp-json\/wp\/v2\/posts\/13801\/revisions"}],"predecessor-version":[{"id":13805,"href":"https:\/\/blogs.correiobraziliense.com.br\/vicente\/wp-json\/wp\/v2\/posts\/13801\/revisions\/13805"}],"wp:attachment":[{"href":"https:\/\/blogs.correiobraziliense.com.br\/vicente\/wp-json\/wp\/v2\/media?parent=13801"}],"wp:term":[{"taxonomy":"category","embeddable":true,"href":"https:\/\/blogs.correiobraziliense.com.br\/vicente\/wp-json\/wp\/v2\/categories?post=13801"},{"taxonomy":"post_tag","embeddable":true,"href":"https:\/\/blogs.correiobraziliense.com.br\/vicente\/wp-json\/wp\/v2\/tags?post=13801"}],"curies":[{"name":"wp","href":"https:\/\/api.w.org\/{rel}","templated":true}]}}