{"id":13799,"date":"2020-04-07T15:20:39","date_gmt":"2020-04-07T18:20:39","guid":{"rendered":"https:\/\/blogs.correiobraziliense.com.br\/vicente\/?p=13799"},"modified":"2020-04-07T16:42:27","modified_gmt":"2020-04-07T19:42:27","slug":"no-ministerio-da-saude-o-dia-foi-de-reorganizar-a-casa-mas-tensao-continua","status":"publish","type":"post","link":"https:\/\/blogs.correiobraziliense.com.br\/vicente\/no-ministerio-da-saude-o-dia-foi-de-reorganizar-a-casa-mas-tensao-continua\/","title":{"rendered":"No Minist\u00e9rio da Sa\u00fade, o dia foi de reorganizar a casa. Mas tens\u00e3o continua"},"content":{"rendered":"<h2>A tens\u00e3o continua alta no Minist\u00e9rio da Sa\u00fade, pois a poss\u00edvel demiss\u00e3o do ministro Luiz Henrique Mandetta continua na radar, mas a ordem foi reorganizar a casa para que o trabalho de combate ao novo coronav\u00edrus se mantenha firme.<\/h2>\n<p>&nbsp;<\/p>\n<p>Ante a decis\u00e3o, depois revertida, do presidente Jair Bolsonaro de defenestrar Mandetta, muita gente da linha de frente da equipe que combate \u00e0 Covid-19 limpou as gavetas e desmontou estruturas. Muitos n\u00e3o acreditavam no recuo de Bolsonaro.<\/p>\n<p>&nbsp;<\/p>\n<p>Desde o in\u00edcio desta ter\u00e7a-feira (7\/4), Mandetta se reuniu com os auxiliares pedindo que n\u00e3o demonstrem desmotiva\u00e7\u00e3o em p\u00fablico. Muito pelo contr\u00e1rio, \u00e9 preciso refor\u00e7ar a confian\u00e7a, para que a popula\u00e7\u00e3o continue comprando as determina\u00e7\u00f5es do minist\u00e9rio.<\/p>\n<p>&nbsp;<\/p>\n<p>Tamb\u00e9m foi dado o alerta. Os ataques a Mandetta e a seus subordinados v\u00e3o aumentar muito. O &#8220;Gabinete do \u00f3dio&#8221; instalado no Pal\u00e1cio do Planalto est\u00e1 disseminando uma s\u00e9rie de informa\u00e7\u00f5es falsas contra o ministro.<\/p>\n<p>&nbsp;<\/p>\n<p>O objetivo dos defensores de Bolsonaro \u00e9 derrubar Mandetta a qualquer custo. Se consolidou entre eles o pensamento de que o ministro est\u00e1 sendo usado pelos presidentes da C\u00e2mara, Rodrigo Maia, e do Senado, Davi Alcolumbre, para desestabilizar Bolsonaro.<\/p>\n<p>&nbsp;<\/p>\n<p><em>Bras\u00edlia, 15h20min<\/em><\/p>\n","protected":false},"excerpt":{"rendered":"<p>A tens\u00e3o continua alta no Minist\u00e9rio da Sa\u00fade, pois a poss\u00edvel demiss\u00e3o do ministro Luiz Henrique Mandetta continua na radar, mas a ordem foi reorganizar a casa para que o trabalho de combate ao novo coronav\u00edrus se mantenha firme. &nbsp; Ante a decis\u00e3o, depois revertida, do presidente Jair Bolsonaro de defenestrar Mandetta, muita gente da [&hellip;]<\/p>\n","protected":false},"author":22,"featured_media":13624,"comment_status":"open","ping_status":"closed","sticky":false,"template":"","format":"standard","meta":{"footnotes":""},"categories":[600],"tags":[2554,4419,22,4549,1836,579],"class_list":["post-13799","post","type-post","status-publish","format-standard","has-post-thumbnail","hentry","category-economia","tag-bolsonaro","tag-coronavirus","tag-demissao","tag-mandetta","tag-ministerio","tag-saude"],"_links":{"self":[{"href":"https:\/\/blogs.correiobraziliense.com.br\/vicente\/wp-json\/wp\/v2\/posts\/13799","targetHints":{"allow":["GET"]}}],"collection":[{"href":"https:\/\/blogs.correiobraziliense.com.br\/vicente\/wp-json\/wp\/v2\/posts"}],"about":[{"href":"https:\/\/blogs.correiobraziliense.com.br\/vicente\/wp-json\/wp\/v2\/types\/post"}],"author":[{"embeddable":true,"href":"https:\/\/blogs.correiobraziliense.com.br\/vicente\/wp-json\/wp\/v2\/users\/22"}],"replies":[{"embeddable":true,"href":"https:\/\/blogs.correiobraziliense.com.br\/vicente\/wp-json\/wp\/v2\/comments?post=13799"}],"version-history":[{"count":1,"href":"https:\/\/blogs.correiobraziliense.com.br\/vicente\/wp-json\/wp\/v2\/posts\/13799\/revisions"}],"predecessor-version":[{"id":13806,"href":"https:\/\/blogs.correiobraziliense.com.br\/vicente\/wp-json\/wp\/v2\/posts\/13799\/revisions\/13806"}],"wp:featuredmedia":[{"embeddable":true,"href":"https:\/\/blogs.correiobraziliense.com.br\/vicente\/wp-json\/wp\/v2\/media\/13624"}],"wp:attachment":[{"href":"https:\/\/blogs.correiobraziliense.com.br\/vicente\/wp-json\/wp\/v2\/media?parent=13799"}],"wp:term":[{"taxonomy":"category","embeddable":true,"href":"https:\/\/blogs.correiobraziliense.com.br\/vicente\/wp-json\/wp\/v2\/categories?post=13799"},{"taxonomy":"post_tag","embeddable":true,"href":"https:\/\/blogs.correiobraziliense.com.br\/vicente\/wp-json\/wp\/v2\/tags?post=13799"}],"curies":[{"name":"wp","href":"https:\/\/api.w.org\/{rel}","templated":true}]}}