{"id":13792,"date":"2020-04-03T17:41:04","date_gmt":"2020-04-03T20:41:04","guid":{"rendered":"https:\/\/blogs.correiobraziliense.com.br\/vicente\/?p=13792"},"modified":"2020-04-03T18:06:47","modified_gmt":"2020-04-03T21:06:47","slug":"empresarios-querem-que-mp-936-dos-salarios-seja-retroativa-a-marco","status":"publish","type":"post","link":"https:\/\/blogs.correiobraziliense.com.br\/vicente\/empresarios-querem-que-mp-936-dos-salarios-seja-retroativa-a-marco\/","title":{"rendered":"Empres\u00e1rios querem que MP 936, dos sal\u00e1rios, seja retroativa a mar\u00e7o"},"content":{"rendered":"<h2>Empres\u00e1rios est\u00e3o tentando convencer o Congresso a incluir uma emenda na Medida Provis\u00f3ria (MP) 936 para que sua validade seja retroativa a mar\u00e7o. A MP permite a redu\u00e7\u00e3o ou a suspens\u00e3o dos sal\u00e1rios por at\u00e9 tr\u00eas meses, com parte dos rendimentos sendo paga pelo governo.<\/h2>\n<p>&nbsp;<\/p>\n<p>Segundo o empresariado, a MP resolve o pagamento dos sal\u00e1rios de abril, maio e junho. Mas o problema \u00e9 que as empresas, sobretudo as de menor porte, est\u00e3o completamente sem caixa para honrar as folhas de sal\u00e1rio de mar\u00e7o, que vencer\u00e3o na pr\u00f3xima segunda-feira.<\/p>\n<p>&nbsp;<\/p>\n<p>O faturamento das empresas em mar\u00e7o despencou, devido ao fechamento da maior parte do com\u00e9rcio e da ind\u00fastria para tentar conter a dissemina\u00e7\u00e3o do novo coronav\u00edrus. Para grande parcela dos empres\u00e1rios, a medida tomada pelo Minist\u00e9rio da Sa\u00fade foi acertada. Mas \u00e9 preciso que o governo e o Congresso estendam as m\u00e3os ao setor produtivo.<\/p>\n<p>&nbsp;<\/p>\n<p><strong>Apelo<\/strong><\/p>\n<p>&nbsp;<\/p>\n<p>O apelo do empresariado foi atendido pelo deputado Efraim Filho (DEM-PB). &#8220;Entendemos que esta pequena altera\u00e7\u00e3o representaria uma importante contribui\u00e7\u00e3o do Parlamento para a preserva\u00e7\u00e3o dos empregos e para a continuidade das opera\u00e7\u00f5es das empresas brasileiras&#8221;, escreveu ele, em suas justificativas.<\/p>\n<p>&nbsp;<\/p>\n<p>O parlamentar ressaltou ainda que, &#8220;como a maior parte dos setores come\u00e7ou a sofrer os perversos efeitos econ\u00f4micos da quarentena j\u00e1 algumas semanas antes da edi\u00e7\u00e3o da MP, \u00e9 imprescind\u00edvel que a legisla\u00e7\u00e3o em an\u00e1lise alcance tamb\u00e9m esse per\u00edodo&#8221;.<\/p>\n<p>&nbsp;<\/p>\n<p>Na avalia\u00e7\u00e3o do presidente da Associa\u00e7\u00e3o Brasileira de Bares e Restaurantes (Abrasel), Paulo Solmucci, &#8220;a MP 936 \u00e9 excelente, potente e flex\u00edvel e vai resolver os problemas dos pr\u00f3ximos tr\u00eas meses&#8221;. O problema, segundo ele, \u00e9 que as empresas est\u00e3o sem caixa para pagar os sal\u00e1rios de mar\u00e7o, pois foram atropeladas pela Covid-19.<\/p>\n<p>&nbsp;<\/p>\n<p>Ele est\u00e1 convencido de que o Parlamento ter\u00e1 a sensibilidade para entender o per\u00edodo de emerg\u00eancia e aprovar\u00e1 a emenda que retroage o prazo de validade da MP 936.<\/p>\n<p>&nbsp;<\/p>\n<p><em>Bras\u00edlia, 17h41min<\/em><\/p>\n","protected":false},"excerpt":{"rendered":"<p>Empres\u00e1rios est\u00e3o tentando convencer o Congresso a incluir uma emenda na Medida Provis\u00f3ria (MP) 936 para que sua validade seja retroativa a mar\u00e7o. A MP permite a redu\u00e7\u00e3o ou a suspens\u00e3o dos sal\u00e1rios por at\u00e9 tr\u00eas meses, com parte dos rendimentos sendo paga pelo governo. &nbsp; Segundo o empresariado, a MP resolve o pagamento dos [&hellip;]<\/p>\n","protected":false},"author":22,"featured_media":11785,"comment_status":"open","ping_status":"closed","sticky":false,"template":"","format":"standard","meta":{"footnotes":""},"categories":[600],"tags":[254,4419,4565,2521,2400,2382,122],"class_list":["post-13792","post","type-post","status-publish","format-standard","has-post-thumbnail","hentry","category-economia","tag-congresso","tag-coronavirus","tag-efraim-filho","tag-emenda","tag-empregos","tag-mp","tag-salarios"],"_links":{"self":[{"href":"https:\/\/blogs.correiobraziliense.com.br\/vicente\/wp-json\/wp\/v2\/posts\/13792","targetHints":{"allow":["GET"]}}],"collection":[{"href":"https:\/\/blogs.correiobraziliense.com.br\/vicente\/wp-json\/wp\/v2\/posts"}],"about":[{"href":"https:\/\/blogs.correiobraziliense.com.br\/vicente\/wp-json\/wp\/v2\/types\/post"}],"author":[{"embeddable":true,"href":"https:\/\/blogs.correiobraziliense.com.br\/vicente\/wp-json\/wp\/v2\/users\/22"}],"replies":[{"embeddable":true,"href":"https:\/\/blogs.correiobraziliense.com.br\/vicente\/wp-json\/wp\/v2\/comments?post=13792"}],"version-history":[{"count":1,"href":"https:\/\/blogs.correiobraziliense.com.br\/vicente\/wp-json\/wp\/v2\/posts\/13792\/revisions"}],"predecessor-version":[{"id":13793,"href":"https:\/\/blogs.correiobraziliense.com.br\/vicente\/wp-json\/wp\/v2\/posts\/13792\/revisions\/13793"}],"wp:featuredmedia":[{"embeddable":true,"href":"https:\/\/blogs.correiobraziliense.com.br\/vicente\/wp-json\/wp\/v2\/media\/11785"}],"wp:attachment":[{"href":"https:\/\/blogs.correiobraziliense.com.br\/vicente\/wp-json\/wp\/v2\/media?parent=13792"}],"wp:term":[{"taxonomy":"category","embeddable":true,"href":"https:\/\/blogs.correiobraziliense.com.br\/vicente\/wp-json\/wp\/v2\/categories?post=13792"},{"taxonomy":"post_tag","embeddable":true,"href":"https:\/\/blogs.correiobraziliense.com.br\/vicente\/wp-json\/wp\/v2\/tags?post=13792"}],"curies":[{"name":"wp","href":"https:\/\/api.w.org\/{rel}","templated":true}]}}