{"id":13790,"date":"2020-04-03T17:05:29","date_gmt":"2020-04-03T20:05:29","guid":{"rendered":"https:\/\/blogs.correiobraziliense.com.br\/vicente\/?p=13790"},"modified":"2020-04-03T17:40:12","modified_gmt":"2020-04-03T20:40:12","slug":"presidente-do-bb-desrespeitou-codigo-de-etica-ao-agredir-governadores-e-prefeitos","status":"publish","type":"post","link":"https:\/\/blogs.correiobraziliense.com.br\/vicente\/presidente-do-bb-desrespeitou-codigo-de-etica-ao-agredir-governadores-e-prefeitos\/","title":{"rendered":"Presidente do BB desrespeitou c\u00f3digo de \u00e9tica ao agredir governadores e prefeitos"},"content":{"rendered":"<h2>O presidente do Banco do Brasil, Rubem Novaes, descumpriu o c\u00f3digo de \u00e9tica ao atacar prefeitos e governadores na tentativa de defender o presidente Jair Bolsonaro. Ele disse que &#8220;governadores e prefeitos impedem a atividade econ\u00f4mica e oferecem esmolas, com o dinheiro alheio, em troca&#8221;.<\/h2>\n<p>&nbsp;<\/p>\n<p>Novaes descumpriu pelo menos quatro artigos do c\u00f3digo de \u00e9tica, que ele pr\u00f3prio aprovou. Criou constrangimentos e preju\u00edzos \u00e0 imagem do banco. Fez ofensas e caluniou justamente quem ele chama de parceiros. Contrariou a norma que prev\u00ea respeito a convic\u00e7\u00f5es ideol\u00f3gicas.<\/p>\n<p>&nbsp;<\/p>\n<p>Veja os artigos desrespeitados:<\/p>\n<p><strong>6.<\/strong> Devemos prevenir constrangimentos e preju\u00edzos \u00e0 imagem do Banco e do pr\u00f3prio funcion\u00e1rio.<\/p>\n<p><strong>7.<\/strong> Desautorizamos iniciar ou divulgar, em qualquer meio \u2014\u00a0interno ou externo \u2014 cr\u00edticas ofensivas \u00e0 honra ou cal\u00fanias que exponham a imagem do BB ou de qualquer de nossas \u00e1reas<br \/>\nou funcion\u00e1rios.<\/p>\n<p><strong>41.<\/strong> Somos parceiros do poder p\u00fablico na implementa\u00e7\u00e3o de pol\u00edticas, projetos e programas socioecon\u00f4micos voltados para o desenvolvimento sustent\u00e1vel do Brasil e dos pa\u00edses em que atuamos.<\/p>\n<p><strong>43.<\/strong> Devemos estabelecer, independentemente de convic\u00e7\u00f5es ideol\u00f3gicas individuais, relacionamento cort\u00eas com o poder p\u00fablico brasileiro e com o dos pa\u00edses em que atuamos.<\/p>\n<p>&nbsp;<\/p>\n<p>Novaes \u00e9 considerado, dentro do governo, um dos mais radicais cr\u00edticos das pol\u00edticas de interven\u00e7\u00e3o do Estado na economia. Neste momento, por\u00e9m, toda a cartilha liberal do governo est\u00e1 sendo rasgada para atender \u00e0s demandas da sociedade a fim de conter os estragos do novo coronav\u00edrus na economia.<\/p>\n<p>&nbsp;<\/p>\n<p><em>Bras\u00edlia, 17h05min<\/em><\/p>\n","protected":false},"excerpt":{"rendered":"<p>O presidente do Banco do Brasil, Rubem Novaes, descumpriu o c\u00f3digo de \u00e9tica ao atacar prefeitos e governadores na tentativa de defender o presidente Jair Bolsonaro. Ele disse que &#8220;governadores e prefeitos impedem a atividade econ\u00f4mica e oferecem esmolas, com o dinheiro alheio, em troca&#8221;. &nbsp; Novaes descumpriu pelo menos quatro artigos do c\u00f3digo de [&hellip;]<\/p>\n","protected":false},"author":22,"featured_media":11442,"comment_status":"open","ping_status":"closed","sticky":false,"template":"","format":"standard","meta":{"footnotes":""},"categories":[600],"tags":[229,1373,4564,25,2947,4029],"class_list":["post-13790","post","type-post","status-publish","format-standard","has-post-thumbnail","hentry","category-economia","tag-banco-do-brasil","tag-bb","tag-codigo","tag-desrespeito","tag-etica","tag-rubem-novaes"],"_links":{"self":[{"href":"https:\/\/blogs.correiobraziliense.com.br\/vicente\/wp-json\/wp\/v2\/posts\/13790","targetHints":{"allow":["GET"]}}],"collection":[{"href":"https:\/\/blogs.correiobraziliense.com.br\/vicente\/wp-json\/wp\/v2\/posts"}],"about":[{"href":"https:\/\/blogs.correiobraziliense.com.br\/vicente\/wp-json\/wp\/v2\/types\/post"}],"author":[{"embeddable":true,"href":"https:\/\/blogs.correiobraziliense.com.br\/vicente\/wp-json\/wp\/v2\/users\/22"}],"replies":[{"embeddable":true,"href":"https:\/\/blogs.correiobraziliense.com.br\/vicente\/wp-json\/wp\/v2\/comments?post=13790"}],"version-history":[{"count":1,"href":"https:\/\/blogs.correiobraziliense.com.br\/vicente\/wp-json\/wp\/v2\/posts\/13790\/revisions"}],"predecessor-version":[{"id":13791,"href":"https:\/\/blogs.correiobraziliense.com.br\/vicente\/wp-json\/wp\/v2\/posts\/13790\/revisions\/13791"}],"wp:featuredmedia":[{"embeddable":true,"href":"https:\/\/blogs.correiobraziliense.com.br\/vicente\/wp-json\/wp\/v2\/media\/11442"}],"wp:attachment":[{"href":"https:\/\/blogs.correiobraziliense.com.br\/vicente\/wp-json\/wp\/v2\/media?parent=13790"}],"wp:term":[{"taxonomy":"category","embeddable":true,"href":"https:\/\/blogs.correiobraziliense.com.br\/vicente\/wp-json\/wp\/v2\/categories?post=13790"},{"taxonomy":"post_tag","embeddable":true,"href":"https:\/\/blogs.correiobraziliense.com.br\/vicente\/wp-json\/wp\/v2\/tags?post=13790"}],"curies":[{"name":"wp","href":"https:\/\/api.w.org\/{rel}","templated":true}]}}