{"id":13788,"date":"2020-04-03T16:05:48","date_gmt":"2020-04-03T19:05:48","guid":{"rendered":"https:\/\/blogs.correiobraziliense.com.br\/vicente\/?p=13788"},"modified":"2020-04-03T16:48:20","modified_gmt":"2020-04-03T19:48:20","slug":"anvisa-identifica-nove-pessoas-com-covid-19-em-embarcacao-que-presta-servicos-a-petroleiras","status":"publish","type":"post","link":"https:\/\/blogs.correiobraziliense.com.br\/vicente\/anvisa-identifica-nove-pessoas-com-covid-19-em-embarcacao-que-presta-servicos-a-petroleiras\/","title":{"rendered":"Anvisa identifica nove pessoas com Covid-19 em embarca\u00e7\u00e3o que presta servi\u00e7os a petroleiras"},"content":{"rendered":"<h2>A Ag\u00eancia Nacional de Vigil\u00e2ncia Sanit\u00e1ria (Anvisa) identificou nove pessoas com Covid-19 em uma embarca\u00e7\u00e3o que estava no Porto do Rio de Janeiro. O navio, com 34 tripulantes, dava apoio mar\u00edtimo a plataformas petrol\u00edferas.<\/h2>\n<p>&nbsp;<\/p>\n<p>Segundo a Anvisa, a suspeita come\u00e7ou ap\u00f3s o recebimento dos dados de sa\u00fade dos viajantes, demonstrando a ocorr\u00eancia de sinais gripais, como febre, em alguns embarcados. Nove deles testaram positivo para o novo coronav\u00edrus.<\/p>\n<p>&nbsp;<\/p>\n<p>A ag\u00eancia informa ainda que, entre os embarcados, estavam tripulantes e prestadores de servi\u00e7o, em sua maioria, mergulhadores, que trabalham, por exemplo, identificando problemas em tubula\u00e7\u00f5es submarinas de plataformas petrol\u00edferas e auxiliando a realiza\u00e7\u00e3o de reparos quando necess\u00e1rio.<\/p>\n<p>&nbsp;<\/p>\n<p>&#8220;Ap\u00f3s an\u00e1lise m\u00e9dica do estado de cada paciente, durante o desembarque, tr\u00eas foram encaminhados a hospitais. Por exig\u00eancias da legisla\u00e7\u00e3o mar\u00edtima, que n\u00e3o permite \u00e0 embarca\u00e7\u00e3o permanecer desguarnecida, um grupo de tripulantes permanece em isolamento no interior da mesma, sendo monitorados diariamente&#8221;, destaca a Anvisa.<\/p>\n<p>&nbsp;<\/p>\n<p>Os demais desembarcados seguem em isolamento em dois hot\u00e9is em Niter\u00f3i (RJ), e as informa\u00e7\u00f5es sobre o estado de sa\u00fade deles s\u00e3o monitoradas pela Anvisa a cada 24 horas.<\/p>\n<p>&nbsp;<\/p>\n<p>\u201cH\u00e1 evid\u00eancias, pelos resultados positivados em n\u00famero significativo de profissionais mergulhadores, que os pontos focais das infec\u00e7\u00f5es se vinculam a contextos comuns a eles, tais como ambientes de uso comum, equipagens de mergulho ou camarotes compartilhados\u201d, diz o chefe do Posto Portu\u00e1rio da Anvisa no Rio de Janeiro, Afonso Infurna J\u00fanior.<\/p>\n<p>A Anvisa acompanhou o desembarque e o direcionamento dos tripulantes e mergulhadores e est\u00e1 monitorando os procedimentos de limpeza e desinfec\u00e7\u00e3o da embarca\u00e7\u00e3o a fim de prevenir novas infec\u00e7\u00f5es. Ainda, s\u00e3o monitorados os processos de fornecimento de alimentos e as retiradas de res\u00edduos s\u00f3lidos, ora classificados como infectantes \u2013 tipo A.<\/p>\n<p>&nbsp;<\/p>\n<p><em>Bras\u00edlia, 15h05min<\/em><\/p>\n","protected":false},"excerpt":{"rendered":"<p>A Ag\u00eancia Nacional de Vigil\u00e2ncia Sanit\u00e1ria (Anvisa) identificou nove pessoas com Covid-19 em uma embarca\u00e7\u00e3o que estava no Porto do Rio de Janeiro. O navio, com 34 tripulantes, dava apoio mar\u00edtimo a plataformas petrol\u00edferas. &nbsp; Segundo a Anvisa, a suspeita come\u00e7ou ap\u00f3s o recebimento dos dados de sa\u00fade dos viajantes, demonstrando a ocorr\u00eancia de sinais [&hellip;]<\/p>\n","protected":false},"author":22,"featured_media":13413,"comment_status":"open","ping_status":"closed","sticky":false,"template":"","format":"standard","meta":{"footnotes":""},"categories":[600],"tags":[],"class_list":["post-13788","post","type-post","status-publish","format-standard","has-post-thumbnail","hentry","category-economia"],"_links":{"self":[{"href":"https:\/\/blogs.correiobraziliense.com.br\/vicente\/wp-json\/wp\/v2\/posts\/13788","targetHints":{"allow":["GET"]}}],"collection":[{"href":"https:\/\/blogs.correiobraziliense.com.br\/vicente\/wp-json\/wp\/v2\/posts"}],"about":[{"href":"https:\/\/blogs.correiobraziliense.com.br\/vicente\/wp-json\/wp\/v2\/types\/post"}],"author":[{"embeddable":true,"href":"https:\/\/blogs.correiobraziliense.com.br\/vicente\/wp-json\/wp\/v2\/users\/22"}],"replies":[{"embeddable":true,"href":"https:\/\/blogs.correiobraziliense.com.br\/vicente\/wp-json\/wp\/v2\/comments?post=13788"}],"version-history":[{"count":1,"href":"https:\/\/blogs.correiobraziliense.com.br\/vicente\/wp-json\/wp\/v2\/posts\/13788\/revisions"}],"predecessor-version":[{"id":13789,"href":"https:\/\/blogs.correiobraziliense.com.br\/vicente\/wp-json\/wp\/v2\/posts\/13788\/revisions\/13789"}],"wp:featuredmedia":[{"embeddable":true,"href":"https:\/\/blogs.correiobraziliense.com.br\/vicente\/wp-json\/wp\/v2\/media\/13413"}],"wp:attachment":[{"href":"https:\/\/blogs.correiobraziliense.com.br\/vicente\/wp-json\/wp\/v2\/media?parent=13788"}],"wp:term":[{"taxonomy":"category","embeddable":true,"href":"https:\/\/blogs.correiobraziliense.com.br\/vicente\/wp-json\/wp\/v2\/categories?post=13788"},{"taxonomy":"post_tag","embeddable":true,"href":"https:\/\/blogs.correiobraziliense.com.br\/vicente\/wp-json\/wp\/v2\/tags?post=13788"}],"curies":[{"name":"wp","href":"https:\/\/api.w.org\/{rel}","templated":true}]}}