{"id":13775,"date":"2020-04-02T17:47:14","date_gmt":"2020-04-02T20:47:14","guid":{"rendered":"https:\/\/blogs.correiobraziliense.com.br\/vicente\/?p=13775"},"modified":"2020-04-02T18:18:22","modified_gmt":"2020-04-02T21:18:22","slug":"medo-de-bolsonaro-ao-liberar-dinheiro-a-trabalhadores-e-abrir-brecha-para-impeachment","status":"publish","type":"post","link":"https:\/\/blogs.correiobraziliense.com.br\/vicente\/medo-de-bolsonaro-ao-liberar-dinheiro-a-trabalhadores-e-abrir-brecha-para-impeachment\/","title":{"rendered":"Medo de Bolsonaro ao liberar dinheiro a trabalhadores \u00e9 abrir brecha para impeachment"},"content":{"rendered":"<h2>Assessores pr\u00f3ximos do presidente da Rep\u00fablica garantem que o principal motivo para a demora do governo em liberar recursos para trabalhadores e informais em meio \u00e0 pandemia do novo coronav\u00edrus \u00e9 o medo de abrir brecha para um processo de impeachment do presidente Jair Bolsonaro. &#8220;Ele teme armadilhas&#8221;, diz um dos assessores.<\/h2>\n<p>&nbsp;<\/p>\n<p>N\u00e3o por acaso, tanto o presidente quanto o ministro da Economia, Paulo Guedes, t\u00eam refor\u00e7ado a necessidade de o Congresso aprovar uma Proposta de Emenda \u00e0 Constitui\u00e7\u00e3o (PEC) que permita o desrespeito \u00e0 Lei de Responsabilidade Fiscal (LRF). &#8220;A PEC Emergencial d\u00e1 \u00f3timas garantias ao governo&#8221;, afirma o mesmo assessor.<\/p>\n<p>&nbsp;<\/p>\n<p>Para Bolsonaro, \u00e9 preciso ter todo o cuidado quando o Congresso e o Supremo Tribunal Federal (STF) dizem que, no atual est\u00e1gio da crise, n\u00e3o h\u00e1 limites para gastos, nem teto de gastos nem regra de ouro. O temor do presidente \u00e9 que, mais \u00e0 frente, Congresso e STF se unam contra ele num processo de impeachment.<\/p>\n<p>&nbsp;<\/p>\n<p>Na avalia\u00e7\u00e3o do presidente, h\u00e1 uma conspira\u00e7\u00e3o contra seu mandato. Ele n\u00e3o quer repetir o destino de Dilma Rousseff, que foi apeada do poder acusada de ferir a Lei de Responsabilidade Fiscal. &#8220;Quanto mais garantias o presidente tiver, mais seguro ele vai ficar&#8221;, frisa um outro assessor.<\/p>\n<p>&nbsp;<\/p>\n<p>Ele ressalta ainda que Bolsonaro tem sido alertado constantemente pelos filhos sobre os riscos que corre. &#8220;O presidente n\u00e3o tem amigos no Congresso nem no STF. Se vacilar, vai cair feio. Portanto, \u00e9 melhor sofrer o desgaste de que est\u00e1 demorando para socorrer empresas e trabalhadores do que entregar o ouro para os inimigos&#8221;,<\/p>\n<p>&nbsp;<\/p>\n<p><em>Bras\u00edlia, 17h47min<\/em><\/p>\n","protected":false},"excerpt":{"rendered":"<p>Assessores pr\u00f3ximos do presidente da Rep\u00fablica garantem que o principal motivo para a demora do governo em liberar recursos para trabalhadores e informais em meio \u00e0 pandemia do novo coronav\u00edrus \u00e9 o medo de abrir brecha para um processo de impeachment do presidente Jair Bolsonaro. &#8220;Ele teme armadilhas&#8221;, diz um dos assessores. &nbsp; N\u00e3o por [&hellip;]<\/p>\n","protected":false},"author":22,"featured_media":13776,"comment_status":"open","ping_status":"closed","sticky":false,"template":"","format":"standard","meta":{"footnotes":""},"categories":[600],"tags":[2554,4419,2385,1109,62,2485,810],"class_list":["post-13775","post","type-post","status-publish","format-standard","has-post-thumbnail","hentry","category-economia","tag-bolsonaro","tag-coronavirus","tag-dinheiro","tag-empresas","tag-impeachment","tag-liberacao","tag-trabalhadores"],"_links":{"self":[{"href":"https:\/\/blogs.correiobraziliense.com.br\/vicente\/wp-json\/wp\/v2\/posts\/13775","targetHints":{"allow":["GET"]}}],"collection":[{"href":"https:\/\/blogs.correiobraziliense.com.br\/vicente\/wp-json\/wp\/v2\/posts"}],"about":[{"href":"https:\/\/blogs.correiobraziliense.com.br\/vicente\/wp-json\/wp\/v2\/types\/post"}],"author":[{"embeddable":true,"href":"https:\/\/blogs.correiobraziliense.com.br\/vicente\/wp-json\/wp\/v2\/users\/22"}],"replies":[{"embeddable":true,"href":"https:\/\/blogs.correiobraziliense.com.br\/vicente\/wp-json\/wp\/v2\/comments?post=13775"}],"version-history":[{"count":1,"href":"https:\/\/blogs.correiobraziliense.com.br\/vicente\/wp-json\/wp\/v2\/posts\/13775\/revisions"}],"predecessor-version":[{"id":13777,"href":"https:\/\/blogs.correiobraziliense.com.br\/vicente\/wp-json\/wp\/v2\/posts\/13775\/revisions\/13777"}],"wp:featuredmedia":[{"embeddable":true,"href":"https:\/\/blogs.correiobraziliense.com.br\/vicente\/wp-json\/wp\/v2\/media\/13776"}],"wp:attachment":[{"href":"https:\/\/blogs.correiobraziliense.com.br\/vicente\/wp-json\/wp\/v2\/media?parent=13775"}],"wp:term":[{"taxonomy":"category","embeddable":true,"href":"https:\/\/blogs.correiobraziliense.com.br\/vicente\/wp-json\/wp\/v2\/categories?post=13775"},{"taxonomy":"post_tag","embeddable":true,"href":"https:\/\/blogs.correiobraziliense.com.br\/vicente\/wp-json\/wp\/v2\/tags?post=13775"}],"curies":[{"name":"wp","href":"https:\/\/api.w.org\/{rel}","templated":true}]}}