{"id":13766,"date":"2020-04-02T17:15:27","date_gmt":"2020-04-02T20:15:27","guid":{"rendered":"https:\/\/blogs.correiobraziliense.com.br\/vicente\/?p=13766"},"modified":"2020-04-02T17:15:27","modified_gmt":"2020-04-02T20:15:27","slug":"plano-de-retomada-exigira-r-14-trilhao-segundo-rabello-de-castro","status":"publish","type":"post","link":"https:\/\/blogs.correiobraziliense.com.br\/vicente\/plano-de-retomada-exigira-r-14-trilhao-segundo-rabello-de-castro\/","title":{"rendered":"Plano de retomada exigir\u00e1 R$ 1,4 trilh\u00e3o, segundo Rabello de Castro"},"content":{"rendered":"<p><b>ROSANA HESSEL<\/b><\/p>\n<p>&nbsp;<\/p>\n<p><span style=\"font-weight: 400\">A falta de um plano mais estruturado do ministro da Economia, Paulo Guedes, para enfrentar a crise financeira pelo novo coronav\u00edrus, o SARS-COV-2, est\u00e1 minando a confian\u00e7a no governo. O rem\u00e9dio contra a crise n\u00e3o pode ser retirado dos manuais do velho liberalismo econ\u00f4mico que Guedes est\u00e1 acostumado, que vem batendo cabe\u00e7a e demora para pagar o socorro emergencial j\u00e1 aprovado pelo Congresso e apresenta medidas a conta-gotas. Enquanto Guedes tenta inventar a roda, quem perde s\u00e3o os brasileiros com a demora.<\/span><\/p>\n<p>&nbsp;<\/p>\n<p><span style=\"font-weight: 400\">\u201cO governo est\u00e1 agindo, mas ao passar apresentar medidas descoordenadas, est\u00e1 arrebentando a confian\u00e7a que seria important\u00edssimo resgatar na atual conjuntura\u201d, afirmou, o\u00a0<\/span>economista Paulo Rabello de Castro, ex-presidente do Banco Nacional de Desenvolvimento Econ\u00f4mico e Social (BNDES), em entrevista ao <strong>Blog<\/strong>.<\/p>\n<p>&nbsp;<\/p>\n<p>Castro montou um conjunto de medidas para minimizar o imapcto da recess\u00e3o que est\u00e1 se formando no pa\u00eds. Ele prev\u00ea queda de 4,5% no Produto Interno Bruto (PIB) neste ano se nada for feito. Segundo ele, ser\u00e3o necess\u00e1rios praticamente R$ 1,4 trilh\u00e3o,\u00a0o dobro do que o ministro da Economia vem dizendo ser necess\u00e1rio, para conter os efeitos da crise.<\/p>\n<p>&nbsp;<\/p>\n<p>O ex-presidente do BNDES, defende uma forma mais ordenada para as medidas que est\u00e3o sendo anunciadas a conta-gotas. &#8220;O governo est\u00e1 agindo, mas ao passar apresentar medidas descoordenadas, est\u00e1 arrebentando a confian\u00e7a que seria important\u00edssimo resgatar na atual conjuntura\u201d, disse Castro, em entrevista ao <b>Blog.<\/b><\/p>\n<p>&nbsp;<\/p>\n<p><span style=\"font-weight: 400\">O \u201cPrograma de Retomada Consciente\u201d, desenhado por Castro e pelos economistas Manoel Jeremias e Marcel Caparoz, da RC Consultores, pretende causar um impacto de 2,2 pontos percentuais no PIB deste ano. Com isso, a queda do PIB passaria para 2,3% em 2020.\u00a0 As medidas previstas no pacote teriam impacto na retomada mais forte na atividade no ano que vem, pelas estimativas dos economistas da RC, permitindo um crescimento de 4,3% do PIB em 2021.<\/span><\/p>\n<p>&nbsp;<\/p>\n<p><strong>Helic\u00f3ptero<\/strong><\/p>\n<p>&nbsp;<\/p>\n<p><span style=\"font-weight: 400\">Na avalia\u00e7\u00e3o de Castro, \u00e9 preciso mais agilidade na distribui\u00e7\u00e3o de recursos para a popula\u00e7\u00e3o, nem que seja via um \u201cplano helic\u00f3ptero\u201d. Essa \u00e9 a primeira fase do programa desenhado por ele em uma analogia \u00e0 imagem de o governo dar dinheiro a quem precisa para enfrentar a crise, que prev\u00ea um volume de transfer\u00eancias diretas de R$ 155 bilh\u00f5es. Esse dado est\u00e1 acima dos R$ 98 bilh\u00f5es que o governo anunciou para os trabalhadores informais e que ainda n\u00e3o chegaram a quem precisa de fato. \u201cO importante \u00e9 criar capacidade de gasto e fazer uma irriga\u00e7\u00e3o maci\u00e7a\u00a0 na economia. H\u00e1 cr\u00edticas sobre a demora, mas \u00e9 importante tamb\u00e9m que o plano seja mais agressivo em termos de valor\u201d, explicou.<\/span><\/p>\n<p>&nbsp;<\/p>\n<p><span style=\"font-weight: 400\">Outra medida considerada urgente Castro, mas que vem sendo adiada pela equipe econ\u00f4mica, \u00e9 o socorro \u00e0s micro e pequenas em custo do cr\u00e9dito mais barato via bancos p\u00fablicos. Essas linhas de cr\u00e9dito, inclusive, para o Microempreendedor Individual (MEI), j\u00e1 poderiam ter sido implementadas via o cart\u00e3o do BNDES, segundo o consultor. \u201cO mecanismo j\u00e1 existe no BNDES. Est\u00e1 pronto e foi abandonado pela atual gest\u00e3o. Basta vontade para apertar o bot\u00e3o\u201d, destacou o ex-presidente da institui\u00e7\u00e3o.<\/span><\/p>\n<p>&nbsp;<\/p>\n<p><span style=\"font-weight: 400\">O economista sugere tamb\u00e9m que a o governo fa\u00e7a tamb\u00e9m, o quanto antes, a repactua\u00e7\u00e3o das d\u00edvidas dos entes federativos com a Uni\u00e3o, que giram em torno de R$ 600 bilh\u00f5es. \u201cIsso tem pouco impacto fiscal para os cofres p\u00fablicos, porque eles deixam de receber o pagamento de juros por um per\u00edodo mais longo. Isso, no entanto, ajuda a dar um al\u00edvio maior para os estados e os munic\u00edpios se reestruturem com os gastos emergenciais\u201d, explicou.<\/span><\/p>\n<p>&nbsp;<\/p>\n<p><span style=\"font-weight: 400\">Na proposta, Castro defende pol\u00edticas mais eficientes do Banco Central ao injetar liquidez no mercado, tendo um pulso mais forte para fazer as institui\u00e7\u00f5es financeiras emprestarem esse dinheiro no socorro aos setores mais atingidos pela crise, por exemplo. Ele lembrou que os recursos dos dep\u00f3sitos compuls\u00f3rios das institui\u00e7\u00f5es financeiras no BC somam R$ 400 bilh\u00f5es e a autoridade monet\u00e1ria j\u00e1 anunciou a redu\u00e7\u00e3o da al\u00edquota duas vezes, liberando R$ 203 bilh\u00f5es neste ano, mas esse dinheiro n\u00e3o est\u00e1 ao alcance das empresas ainda. \u201cOs recursos da libera\u00e7\u00e3o do compuls\u00f3rio deveriam ser utilizados para o refinanciamento de d\u00edvidas das empresas a juros menores. O BC poderia agir nessa dire\u00e7\u00e3o e se o governo n\u00e3o atrapalhar poderia ajudar\u201d, afirmou. No plano de Castro, R$ 100 bilh\u00f5es j\u00e1 seriam suficientes para o direcionamento para o refinanciamento de empresas para estimular a economia.<\/span><\/p>\n<p>&nbsp;<\/p>\n<p><span style=\"font-weight: 400\">As medidas j\u00e1 anunciadas ainda est\u00e3o muito desencontradas, no entender do especialista, que defende redu\u00e7\u00e3o de tributos para produtos b\u00e1sicos \u00e0 popula\u00e7\u00e3o, inclusive, medicamentos. \u201cO governo adiou por 60 dias o reajuste dos rem\u00e9dios. Seria muito melhor que ele reduzisse o imposto em 4% a 5%. A\u00ed sim, ele faria bonito\u201d, pontuou. Ele lembrou que, recentemente, o presidente Jair Bolsonaro pediu aos governadores para darem um gesto em dire\u00e7\u00e3o \u00e0 redu\u00e7\u00e3o do Imposto sobre Circula\u00e7\u00e3o de Mercadorias e Servi\u00e7os (ICMS) sobre combust\u00edveis para ele tamb\u00e9m reduzir as al\u00edquotas de PIS-Cofins. \u201cEle deu a ideia, poderia dar o exemplo agora\u201d, resumiu.<\/span><\/p>\n<p>&nbsp;<\/p>\n<p>&nbsp;<\/p>\n<p>Veja um quadro que detalha as medidas previstas no plano da RC Consultores:<\/p>\n<p>&nbsp;<\/p>\n<p><a href=\"https:\/\/blogs.correiobraziliense.com.br\/vicente\/wp-content\/uploads\/sites\/16\/2020\/04\/WhatsApp-Image-2020-04-02-at-15.34.57.jpeg\"><img loading=\"lazy\" decoding=\"async\" class=\"alignnone size-large wp-image-13768\" src=\"https:\/\/blogs.correiobraziliense.com.br\/vicente\/wp-content\/uploads\/sites\/16\/2020\/04\/WhatsApp-Image-2020-04-02-at-15.34.57-473x1024.jpeg\" alt=\"\" width=\"473\" height=\"1024\" srcset=\"https:\/\/blogs.correiobraziliense.com.br\/vicente\/wp-content\/uploads\/sites\/16\/2020\/04\/WhatsApp-Image-2020-04-02-at-15.34.57-473x1024.jpeg 473w, https:\/\/blogs.correiobraziliense.com.br\/vicente\/wp-content\/uploads\/sites\/16\/2020\/04\/WhatsApp-Image-2020-04-02-at-15.34.57-139x300.jpeg 139w, https:\/\/blogs.correiobraziliense.com.br\/vicente\/wp-content\/uploads\/sites\/16\/2020\/04\/WhatsApp-Image-2020-04-02-at-15.34.57-162x350.jpeg 162w, https:\/\/blogs.correiobraziliense.com.br\/vicente\/wp-content\/uploads\/sites\/16\/2020\/04\/WhatsApp-Image-2020-04-02-at-15.34.57-550x1191.jpeg 550w, https:\/\/blogs.correiobraziliense.com.br\/vicente\/wp-content\/uploads\/sites\/16\/2020\/04\/WhatsApp-Image-2020-04-02-at-15.34.57-230x498.jpeg 230w, https:\/\/blogs.correiobraziliense.com.br\/vicente\/wp-content\/uploads\/sites\/16\/2020\/04\/WhatsApp-Image-2020-04-02-at-15.34.57.jpeg 591w\" sizes=\"auto, (max-width: 473px) 100vw, 473px\" \/><\/a><\/p>\n","protected":false},"excerpt":{"rendered":"<p>ROSANA HESSEL &nbsp; A falta de um plano mais estruturado do ministro da Economia, Paulo Guedes, para enfrentar a crise financeira pelo novo coronav\u00edrus, o SARS-COV-2, est\u00e1 minando a confian\u00e7a no governo. O rem\u00e9dio contra a crise n\u00e3o pode ser retirado dos manuais do velho liberalismo econ\u00f4mico que Guedes est\u00e1 acostumado, que vem batendo cabe\u00e7a [&hellip;]<\/p>\n","protected":false},"author":22,"featured_media":0,"comment_status":"open","ping_status":"closed","sticky":false,"template":"","format":"standard","meta":{"footnotes":""},"categories":[600],"tags":[4419,179,4510,3613,2285,58],"class_list":["post-13766","post","type-post","status-publish","format-standard","hentry","category-economia","tag-coronavirus","tag-crise","tag-pandemia","tag-paulo-guedes","tag-paulo-rabello-de-castro","tag-pib"],"_links":{"self":[{"href":"https:\/\/blogs.correiobraziliense.com.br\/vicente\/wp-json\/wp\/v2\/posts\/13766","targetHints":{"allow":["GET"]}}],"collection":[{"href":"https:\/\/blogs.correiobraziliense.com.br\/vicente\/wp-json\/wp\/v2\/posts"}],"about":[{"href":"https:\/\/blogs.correiobraziliense.com.br\/vicente\/wp-json\/wp\/v2\/types\/post"}],"author":[{"embeddable":true,"href":"https:\/\/blogs.correiobraziliense.com.br\/vicente\/wp-json\/wp\/v2\/users\/22"}],"replies":[{"embeddable":true,"href":"https:\/\/blogs.correiobraziliense.com.br\/vicente\/wp-json\/wp\/v2\/comments?post=13766"}],"version-history":[{"count":3,"href":"https:\/\/blogs.correiobraziliense.com.br\/vicente\/wp-json\/wp\/v2\/posts\/13766\/revisions"}],"predecessor-version":[{"id":13770,"href":"https:\/\/blogs.correiobraziliense.com.br\/vicente\/wp-json\/wp\/v2\/posts\/13766\/revisions\/13770"}],"wp:attachment":[{"href":"https:\/\/blogs.correiobraziliense.com.br\/vicente\/wp-json\/wp\/v2\/media?parent=13766"}],"wp:term":[{"taxonomy":"category","embeddable":true,"href":"https:\/\/blogs.correiobraziliense.com.br\/vicente\/wp-json\/wp\/v2\/categories?post=13766"},{"taxonomy":"post_tag","embeddable":true,"href":"https:\/\/blogs.correiobraziliense.com.br\/vicente\/wp-json\/wp\/v2\/tags?post=13766"}],"curies":[{"name":"wp","href":"https:\/\/api.w.org\/{rel}","templated":true}]}}