{"id":13763,"date":"2020-04-02T13:27:58","date_gmt":"2020-04-02T16:27:58","guid":{"rendered":"https:\/\/blogs.correiobraziliense.com.br\/vicente\/?p=13763"},"modified":"2020-04-02T15:45:51","modified_gmt":"2020-04-02T18:45:51","slug":"cartorios-contabilizam-mais-obitos-pelo-coronavirus-do-que-o-ministerio-da-saude","status":"publish","type":"post","link":"https:\/\/blogs.correiobraziliense.com.br\/vicente\/cartorios-contabilizam-mais-obitos-pelo-coronavirus-do-que-o-ministerio-da-saude\/","title":{"rendered":"Cart\u00f3rios contabilizam mais \u00f3bitos pelo coronav\u00edrus do que o Minist\u00e9rio da Sa\u00fade"},"content":{"rendered":"<h2>BRUNA LIMA<\/h2>\n<h2><\/h2>\n<h2>N\u00e3o \u00e9 sem raz\u00e3o a gritaria de infectologistas sobre a subnotifica\u00e7\u00e3o de casos do novo coronav\u00edrus no Brasil. Segundo a Associa\u00e7\u00e3o Nacional dos Registradores de Pessoas Naturais (Arpem-Brasil), o pa\u00eds registrou, at\u00e9 \u00e0s 20h de 4\u00aa feira (01\/03) , 294 \u00f3bitos tendo como &#8220;causa mortis&#8221; a suspeita ou confirma\u00e7\u00e3o de Covid-19. Os atestados foram assinados por m\u00e9dicos em todo o pa\u00eds. Pelos dados do Minist\u00e9rio da Sa\u00fade, at\u00e9 aquele momento, eram 241 mortes.<\/h2>\n<p>&nbsp;<\/p>\n<p>Do total dos \u00f3bitos registrados pelos cart\u00f3rios, 203 s\u00e3o de S\u00e3o Paulo, seguido pelo Rio de Janeiro, com 46, pelo Distrito Federal, com 8, e Pernambuco, com 7.<\/p>\n<p>&nbsp;<\/p>\n<p>De acordo com o vice-presidente da Arpen-Brasil, Luis Carlos Vendramin J\u00fanior, os\u00a0n\u00fameros fazem parte do Portal da Transpar\u00eancia (<a href=\"http:\/\/transparencia.registrocivil.org.br\/especial-covid\">transparencia.registrocivil.org.br\/especial-covid<\/a>), plataforma eletr\u00f4nica que re\u00fane informa\u00e7\u00f5es computadas pelos cart\u00f3rios de todo o pa\u00eds.<\/p>\n<p>&nbsp;<\/p>\n<p>&#8220;Trata-se de um servi\u00e7o de transpar\u00eancia para a popula\u00e7\u00e3o, para o governo, para a sociedade e para a imprensa acompanharem, em tempo real, as informa\u00e7\u00f5es desta grave crise de pandemia mundial e seus reflexos no Brasil&#8221;, diz Vendramin J\u00fanior. &#8220;Assim como outras profiss\u00f5es essenciais, os cart\u00f3rios seguem abertos, registrando nascimentos, \u00f3bitos e fazendo os atendimentos \u00e0 popula\u00e7\u00e3o em meio a esta crise de sa\u00fade p\u00fablica&#8221;, acrescenta.<\/p>\n<p>&nbsp;<\/p>\n<p>Na avalia\u00e7\u00e3o dele, o portal tem o objetivo de proporcionar uma melhor compreens\u00e3o do impacto da pandemia do novo coronav\u00edrus sobre a sociedade brasileira, contribuindo para a apura\u00e7\u00e3o de subnotifica\u00e7\u00f5es de casos fatais.<\/p>\n<p>&nbsp;<\/p>\n<p>O vice-presidente da\u00a0Arpem-Brasil ressalta ainda que a\u00a0plataforma disponibiliza estat\u00edsticas de registros de \u00f3bitos cuja causa mortis foi apontada pelos profissionais de sa\u00fade como Insufici\u00eancia Respirat\u00f3ria e Pneumonia, doen\u00e7as relacionadas ao surto da Covid-19. Somente em mar\u00e7o deste ano, foram 9.036 \u00f3bitos decorrentes desta doen\u00e7as.<\/p>\n<p>&nbsp;<\/p>\n<p>Vendramin J\u00fanior reconhece, por\u00e9m, que, mesmo a plataforma sendo um retrato fidedigno de todos os \u00f3bitos registrados pelos Cart\u00f3rios de Registro Civil, os prazos legais para a realiza\u00e7\u00e3o do registro e para seu posterior envio \u00e0 Central de Informa\u00e7\u00f5es do Registro Civil (CRC Nacional), regulamentada pelo Provimento n\u00ba 46 do Conselho Nacional de Justi\u00e7a (CNJ), podem fazer com que os n\u00fameros de mortes pelo novo coronav\u00edrus sejam ainda maiores.<\/p>\n<p>&nbsp;<\/p>\n<p>A Lei Federal 6.015 prev\u00ea prazo para registro de mortes em at\u00e9 24 horas, com esse prazo podendo ser expandido para at\u00e9 15 dias em alguns casos. Mais: os cart\u00f3rios devem enviar seus registros \u00e0 Central Nacional em at\u00e9 oito dias ap\u00f3s a anota\u00e7\u00e3o do \u00f3bito.<\/p>\n<p>&nbsp;<\/p>\n<p><em>Bras\u00edlia, 13h27min<\/em><\/p>\n","protected":false},"excerpt":{"rendered":"<p>BRUNA LIMA N\u00e3o \u00e9 sem raz\u00e3o a gritaria de infectologistas sobre a subnotifica\u00e7\u00e3o de casos do novo coronav\u00edrus no Brasil. Segundo a Associa\u00e7\u00e3o Nacional dos Registradores de Pessoas Naturais (Arpem-Brasil), o pa\u00eds registrou, at\u00e9 \u00e0s 20h de 4\u00aa feira (01\/03) , 294 \u00f3bitos tendo como &#8220;causa mortis&#8221; a suspeita ou confirma\u00e7\u00e3o de Covid-19. Os atestados [&hellip;]<\/p>\n","protected":false},"author":22,"featured_media":13413,"comment_status":"open","ping_status":"closed","sticky":false,"template":"","format":"standard","meta":{"footnotes":""},"categories":[600],"tags":[],"class_list":["post-13763","post","type-post","status-publish","format-standard","has-post-thumbnail","hentry","category-economia"],"_links":{"self":[{"href":"https:\/\/blogs.correiobraziliense.com.br\/vicente\/wp-json\/wp\/v2\/posts\/13763","targetHints":{"allow":["GET"]}}],"collection":[{"href":"https:\/\/blogs.correiobraziliense.com.br\/vicente\/wp-json\/wp\/v2\/posts"}],"about":[{"href":"https:\/\/blogs.correiobraziliense.com.br\/vicente\/wp-json\/wp\/v2\/types\/post"}],"author":[{"embeddable":true,"href":"https:\/\/blogs.correiobraziliense.com.br\/vicente\/wp-json\/wp\/v2\/users\/22"}],"replies":[{"embeddable":true,"href":"https:\/\/blogs.correiobraziliense.com.br\/vicente\/wp-json\/wp\/v2\/comments?post=13763"}],"version-history":[{"count":1,"href":"https:\/\/blogs.correiobraziliense.com.br\/vicente\/wp-json\/wp\/v2\/posts\/13763\/revisions"}],"predecessor-version":[{"id":13764,"href":"https:\/\/blogs.correiobraziliense.com.br\/vicente\/wp-json\/wp\/v2\/posts\/13763\/revisions\/13764"}],"wp:featuredmedia":[{"embeddable":true,"href":"https:\/\/blogs.correiobraziliense.com.br\/vicente\/wp-json\/wp\/v2\/media\/13413"}],"wp:attachment":[{"href":"https:\/\/blogs.correiobraziliense.com.br\/vicente\/wp-json\/wp\/v2\/media?parent=13763"}],"wp:term":[{"taxonomy":"category","embeddable":true,"href":"https:\/\/blogs.correiobraziliense.com.br\/vicente\/wp-json\/wp\/v2\/categories?post=13763"},{"taxonomy":"post_tag","embeddable":true,"href":"https:\/\/blogs.correiobraziliense.com.br\/vicente\/wp-json\/wp\/v2\/tags?post=13763"}],"curies":[{"name":"wp","href":"https:\/\/api.w.org\/{rel}","templated":true}]}}