{"id":13753,"date":"2020-04-01T17:11:42","date_gmt":"2020-04-01T20:11:42","guid":{"rendered":"https:\/\/blogs.correiobraziliense.com.br\/vicente\/?p=13753"},"modified":"2020-04-01T17:27:00","modified_gmt":"2020-04-01T20:27:00","slug":"maia-afirma-que-paulo-guedes-subestimou-os-efeitos-do-coronavirus-na-saude-e-na-economia","status":"publish","type":"post","link":"https:\/\/blogs.correiobraziliense.com.br\/vicente\/maia-afirma-que-paulo-guedes-subestimou-os-efeitos-do-coronavirus-na-saude-e-na-economia\/","title":{"rendered":"Maia afirma que Paulo Guedes subestimou os efeitos do coronav\u00edrus na sa\u00fade e na economia"},"content":{"rendered":"<h2>LUIZ CALCAGNO<\/h2>\n<h2><\/h2>\n<h2>O presidente Rodrigo Maia (DEM-RJ) voltou a responder o ministro da Economia, Paulo Guedes, a respeito da aprova\u00e7\u00e3o da proposta de emenda \u00e0 Constitui\u00e7\u00e3o que segrega o or\u00e7amento da crise e a necessidade de o governo aprovar, por Medida Provis\u00f3ria, as medidas mais emergenciais. Maia afirmou que Guedes subestimou os efeitos do coronav\u00edrus na sa\u00fade e na economia e, enquanto tenta corrigir o pr\u00f3prio erro, procura respons\u00e1veis. \u201cTemos que nos colocar na posi\u00e7\u00e3o do ministro Paulo Guedes. \u00c9 claro que a prioridade \u00e9 \u00e1rea de sa\u00fade. Mas o segundo impacto \u00e9 na \u00e1rea econ\u00f4mica e social, e as solu\u00e7\u00f5es passam pela equipe econ\u00f4mica\u201d, afirmou Maia.<\/h2>\n<p>&nbsp;<\/p>\n<p>\u201cN\u00e3o podemos esquecer que, h\u00e1 duas, tr\u00eas semanas, ele fez uma entrevista \u00e0 Veja, e disse que, com R$ 3 bilh\u00f5es, R$ 4 bi ou R$ 5 bi aniquilaria o coronav\u00edrus. Ele d\u00e1 entrevista \u00e0 Folha, e diz que n\u00e3o tem proposta. Que s\u00f3 tinha de m\u00e9dio e longo prazo. \u00c9 \u00f3bvio que ele est\u00e1 pressionado. Todos n\u00f3s acertamos e erramos. E quando erramos na an\u00e1lise do que vai acontecer, at\u00e9 voltar para o rumo, acertamos, erramos, transferimos responsabilidade e criticamos os outros. \u00c0s vezes, o ser humano \u00e9 assim\u201d, afirmou.<\/p>\n<p>&nbsp;<\/p>\n<p>Maia afirmou que, apesar disso, a postura de Guedes \u201cn\u00e3o incomoda\u201d. \u201cO que eu estou dizendo est\u00e1 na revista Veja. Todos n\u00f3s j\u00e1 t\u00ednhamos o diagn\u00f3stico que a necessidade de gasto dessa crise para garantir emprego, renda, solv\u00eancia das empresas, e isso cabe ao estado brasileiro, como faz os Estados Unidos e Gr\u00e3 Bretanha. Um homem com talento dele, com a capacidade dele, forma\u00e7\u00e3o dele, comete um erro t\u00e3o grande e minimiza os impactos na economia na crise, ele ainda est\u00e1 encontrando o caminho dele e est\u00e1 procurando responsabilizar terceiros. Isso n\u00e3o nos incomoda\u201d, afirmou.<\/p>\n<p>&nbsp;<\/p>\n<p>Os coment\u00e1rios foram feitos durante uma entrevista \u00e0 Jos\u00e9 Luiz Datena, na R\u00e1dio Bandeirante. \u201cTenho admira\u00e7\u00e3o pelo ministro Paulo Guedes, carinho, reconhecimento pelo que ele tem representado no governo. Representou a defesa de uma agenda que moderniza estado, com maior efici\u00eancia do gasto p\u00fablico. Uma agenda em que setor privado e p\u00fablico trabalham em conjunto, entendendo que o investimento privado a m\u00e9dio e longo prazo \u00e9 muito importante para o pa\u00eds, para garantir crescimento, renda e emprego\u201d, amenizou.<\/p>\n<p>&nbsp;<\/p>\n<p><strong>Constitui\u00e7\u00e3o<\/strong><\/p>\n<p>&nbsp;<\/p>\n<p>Maia destacou que o pa\u00eds tem, na Constitui\u00e7\u00e3o, solu\u00e7\u00f5es para que o governo cumpra com as medidas mais emergenciais para mitigar os efeitos da epidemia de coronav\u00edrus no Brasil na Sa\u00fade e na economia. \u201cTemos a Lei de Responsabilidade Fiscal (LRF) e regra de ouro. A LRF cria limite de gastos para os entes federados. O governo foi ao STF e pediu a suspens\u00e3o desses artigos para poder gastar. Porque havia uma trava e a necessidade da suspens\u00e3o. Eu discordo, porque o artigo 65 da LRF fala que em caso de calamidade p\u00fablica, esse assunto est\u00e1 resolvido, e o governo pode, gastar acima dos indicadores\u201d, destacou Maia.<\/p>\n<p>&nbsp;<\/p>\n<p>Importante lembrar que o decreto de Calamidade P\u00fablica redigido pelo Executivo e aprovado pela C\u00e2mara e pelo Senado j\u00e1 resolveria a situa\u00e7\u00e3o. \u201cEle (o governo) foi ao Supremo, e o ministro Alexandre de Moraes suspendeu os artigos da LRF. Esse era o tema colocado como fundamental. Estava na peti\u00e7\u00e3o do governo que os assuntos, artigos, t\u00eam que ser afastados para liberar o pagamento. Ontem, ele (Guedes) vem falar da PEC. Na verdade, a legisla\u00e7\u00e3o brasileira prev\u00ea momentos de calamidade e crise\u201d, destacou.<\/p>\n<p>&nbsp;<\/p>\n<p>\u201cA LRF resolve de um lado, e uma lei suplementar que o parlamento poderia aprovar rapidamente, resolve a regra de ouro, que diz que o governo s\u00f3 pode emitir d\u00edvida para investimentos. N\u00e3o pode para despesa corrente. Est\u00e1 na constitui\u00e7\u00e3o. \u00c9 uma segunda trava. Enquanto isso, um cr\u00e9dito suplementar resolve esse problema. Nesse caso, \u00e9 obvio que o governo j\u00e1 deveria ter editado a MP de cr\u00e9dito e mandado uma lei espec\u00edfica para os recursos da renda m\u00ednima. A PEC garante que o governo n\u00e3o precise, a cada ato, emitir uma MP de cr\u00e9dito. Mas, nesse caso, temos urg\u00eancia. E o governo sabe que temos urg\u00eancia, tanto que aumentou de R$ 500 para R$ 600 o valor da renda dos informais\u201d, avaliou.<\/p>\n<p>&nbsp;<\/p>\n<p><strong>Ajuda<\/strong><\/p>\n<p>&nbsp;<\/p>\n<p>O presidente da C\u00e2mara destacou que o parlamento quer ajudar, e que o melhor projeto ser\u00e1 debatido entre os poderes e todos os partidos. \u201cMinha an\u00e1lise \u00e9 essa. Talvez ele esteja transferindo responsabilidade. A gente quer que o governo encaminhe essas propostas, que o parlamento vai aprovar. Quinta tem sess\u00e3o do Congresso e vamos ter sess\u00e3o da C\u00e2mara na sexta-feira. Estamos aqui para ajudar. Tem muitas proposta de deputados e senadores, e temos que filtrar, independente de quem \u00e9 autor, e tem que construir junto com o governo a solu\u00e7\u00e3o para sair da crise\u201d, ponderou.\u00a0\u201cA PEC d\u00e1 tranquilidade para as decis\u00f5es sejam tomadas com celeridade. Mas o que \u00e9 emergencial, o governo n\u00e3o tem motivos para dizer que s\u00f3 a PEC resolve. O parlamento \u00e9 solu\u00e7\u00e3o para o governo. O que n\u00e3o \u00e9 solu\u00e7\u00e3o \u00e9 cada um jogar para o outro lado a responsabilidade, que faz com que percamos energia com coisas que n\u00e3o s\u00e3o fundamentais. Esse caso emergencial tem que ser resolvido de forma emergencial. A PEC aprovada, e ser\u00e1, a gente resolve as pr\u00f3ximas\u201d, afirmou.<\/p>\n<p>&nbsp;<\/p>\n<p>Maia chamou de \u201cdeselegante\u201d a coloca\u00e7\u00e3o de Paulo Guedes de cobrar do parlamento a aprova\u00e7\u00e3o da PEC como solu\u00e7\u00e3o para as medidas do governo. \u201cNada disso colabora. O que temos que resolver? Renda para quem n\u00e3o tem renda, garantia do emprego para quem est\u00e1 com medo de perder o emprego, para que a pessoa fique em casa, e capital de giro para que as empresas continuem funcionando e n\u00e3o tenhamos uma quebradeira, e, principalmente, recursos na \u00e1rea de sa\u00fade para que estados e munic\u00edpios tenham estrutura necess\u00e1ria para o enfrentamento ao coronav\u00edrus. Isso precisa ser um pacote organizado de uma vez por todas. Se n\u00e3o, cada vota\u00e7\u00e3o vai ser isso: pode, n\u00e3o pode, pode. Vamos resolver o que \u00e9 emergencial para a sociedade fazer o isolamento\u201d, cobrou.\u00a0\u201cA responsabilidade nesse momento de crise \u00e9 do governo federal. Temos que ter paci\u00eancia, calma, compreender os erros, e entender que tudo tem solu\u00e7\u00e3o baseado na constitui\u00e7\u00e3o. E que a PEC \u00e9 um instrumento importante para as pr\u00f3ximas medidas. Mas n\u00e3o para essa. O importante agora n\u00e3o \u00e9 o protagonismo\u201d, alertou o presidente da C\u00e2mara.<\/p>\n","protected":false},"excerpt":{"rendered":"<p>LUIZ CALCAGNO O presidente Rodrigo Maia (DEM-RJ) voltou a responder o ministro da Economia, Paulo Guedes, a respeito da aprova\u00e7\u00e3o da proposta de emenda \u00e0 Constitui\u00e7\u00e3o que segrega o or\u00e7amento da crise e a necessidade de o governo aprovar, por Medida Provis\u00f3ria, as medidas mais emergenciais. Maia afirmou que Guedes subestimou os efeitos do coronav\u00edrus [&hellip;]<\/p>\n","protected":false},"author":22,"featured_media":11940,"comment_status":"open","ping_status":"closed","sticky":false,"template":"","format":"standard","meta":{"footnotes":""},"categories":[600],"tags":[4419,179,4560,3616,2491,1634],"class_list":["post-13753","post","type-post","status-publish","format-standard","has-post-thumbnail","hentry","category-economia","tag-coronavirus","tag-crise","tag-emergenciais","tag-guedes","tag-maia","tag-medidas"],"_links":{"self":[{"href":"https:\/\/blogs.correiobraziliense.com.br\/vicente\/wp-json\/wp\/v2\/posts\/13753","targetHints":{"allow":["GET"]}}],"collection":[{"href":"https:\/\/blogs.correiobraziliense.com.br\/vicente\/wp-json\/wp\/v2\/posts"}],"about":[{"href":"https:\/\/blogs.correiobraziliense.com.br\/vicente\/wp-json\/wp\/v2\/types\/post"}],"author":[{"embeddable":true,"href":"https:\/\/blogs.correiobraziliense.com.br\/vicente\/wp-json\/wp\/v2\/users\/22"}],"replies":[{"embeddable":true,"href":"https:\/\/blogs.correiobraziliense.com.br\/vicente\/wp-json\/wp\/v2\/comments?post=13753"}],"version-history":[{"count":4,"href":"https:\/\/blogs.correiobraziliense.com.br\/vicente\/wp-json\/wp\/v2\/posts\/13753\/revisions"}],"predecessor-version":[{"id":13757,"href":"https:\/\/blogs.correiobraziliense.com.br\/vicente\/wp-json\/wp\/v2\/posts\/13753\/revisions\/13757"}],"wp:featuredmedia":[{"embeddable":true,"href":"https:\/\/blogs.correiobraziliense.com.br\/vicente\/wp-json\/wp\/v2\/media\/11940"}],"wp:attachment":[{"href":"https:\/\/blogs.correiobraziliense.com.br\/vicente\/wp-json\/wp\/v2\/media?parent=13753"}],"wp:term":[{"taxonomy":"category","embeddable":true,"href":"https:\/\/blogs.correiobraziliense.com.br\/vicente\/wp-json\/wp\/v2\/categories?post=13753"},{"taxonomy":"post_tag","embeddable":true,"href":"https:\/\/blogs.correiobraziliense.com.br\/vicente\/wp-json\/wp\/v2\/tags?post=13753"}],"curies":[{"name":"wp","href":"https:\/\/api.w.org\/{rel}","templated":true}]}}