{"id":13713,"date":"2020-03-29T20:39:18","date_gmt":"2020-03-29T23:39:18","guid":{"rendered":"https:\/\/blogs.correiobraziliense.com.br\/vicente\/?p=13713"},"modified":"2020-03-29T22:24:49","modified_gmt":"2020-03-30T01:24:49","slug":"passeio-de-bolsonaro-por-brasilia-provoca-assombro-global","status":"publish","type":"post","link":"https:\/\/blogs.correiobraziliense.com.br\/vicente\/passeio-de-bolsonaro-por-brasilia-provoca-assombro-global\/","title":{"rendered":"Passeio de Bolsonaro por Bras\u00edlia provoca assombro global"},"content":{"rendered":"<h2><span style=\"font-weight: 400\">ROSANA HESSEL<\/span><\/h2>\n<h2><\/h2>\n<h2><span style=\"font-weight: 400\">O Brasil e o mundo que est\u00e3o preocupados com a pandemia da Covid-19, provocada pelo novo coronav\u00edrus, assistiram at\u00f4nitos ao comportamento do presidente Jair Bolsonaro, na manh\u00e3 deste domingo (29\/03), ao caminhar pelas ruas do Distrito Federal, ignorando as recomenda\u00e7\u00f5es do Minist\u00e9rio da Sa\u00fade e da Organiza\u00e7\u00e3o Mundial da Sa\u00fade (OMS). O isolamento social para evitar o cont\u00e1gio do v\u00edrus \u00e9 a principal recomenda\u00e7\u00e3o, porque ainda n\u00e3o existe vacina para a doen\u00e7a.<\/span><\/h2>\n<h2><\/h2>\n<p><span style=\"font-weight: 400\">\u201cOs olhos do mundo est\u00e3o voltados para o Brasil, e tem muita gente que est\u00e1 em estado de choque vendo o comportamento do presidente\u201d, afirmou a economista Monica de Bolle, pesquisadora do Peterson Institute for International Economics (PIIE), de Washington.\u00a0<\/span><\/p>\n<p>&nbsp;<\/p>\n<p><span style=\"font-weight: 400\">Na avalia\u00e7\u00e3o da especialista, a realidade da gravidade da pandemia que agora avan\u00e7a com toda a for\u00e7a nos Estados Unidos, o novo epicentro da Covid-19, vai cair no colo do presidente brasileiro dentro das pr\u00f3ximas duas semanas. Ela fez refer\u00eancia \u00e0s proje\u00e7\u00f5es de especialistas renomados de que as mortes podem superar a casa dos 100 mil.<\/span><\/p>\n<p>&nbsp;<\/p>\n<p><span style=\"font-weight: 400\">Ao comentar sobre o crescimento do n\u00famero de mortes que ocorrem na maior pot\u00eancia do planeta, e a cena recorrente de corpos se amontoando nos hospitais, a economista alertou que o mesmo poder\u00e1 acontecer no Brasil. Para ela,\u00a0 quando isso acontecer, Bolsonaro n\u00e3o ter\u00e1 como jogar a culpa nos governadores, que, na avalia\u00e7\u00e3o dela, est\u00e3o agindo corretamente. <\/span><\/p>\n<p>&nbsp;<\/p>\n<p><span style=\"font-weight: 400\">\u201cN\u00e3o vai ter como proteg\u00ea-lo (Bolsonaro) das acusa\u00e7\u00f5es de que ter\u00e1 sido o respons\u00e1vel por uma imensa crise de sa\u00fade p\u00fablica que o Brasil vai atravessar\u201d, alertou Monica, durante uma live em que respondeu perguntas de internautas.\u00a0<\/span><\/p>\n<p>&nbsp;<\/p>\n<p><b>Irresponsabilidade<\/b><\/p>\n<p>&nbsp;<\/p>\n<p><span style=\"font-weight: 400\">O passeio do chefe do Executivo em Taguatinga, Ceil\u00e2ndia, Sobradinho e no Sudoeste, posando para fotos de populares, al\u00e9m do espanto reabriu um debate muito forte sobre a incapacidade de o capit\u00e3o reformado continuar no poder, mobilizando v\u00e1rios parlamentares que emitiram notas chamando a atitude de &#8220;irrespons\u00e1vel&#8221;.\u00a0<\/span><\/p>\n<p>&nbsp;<\/p>\n<p><span style=\"font-weight: 400\">At\u00e9 Monica, que confessou que achava que n\u00e3o era recomend\u00e1vel a sa\u00edda do presidente no meio de uma crise como a atual, passou a defender o impeachment. Para ela, o presidente come\u00e7ou a \u201camea\u00e7ar a vida das pessoas\u201d, impedindo que outros membros do governo, como o Minist\u00e9rio da Sa\u00fade, fazer o trabalho necess\u00e1rio de salvar vidas.<\/span><\/p>\n<p>&nbsp;<\/p>\n<p><span style=\"font-weight: 400\">\u201cO mundo est\u00e1\u00a0 todo de olho\u201d, avisou a economista.&#8221;Bolsonaro \u00e9 o \u00fanico l\u00edder mundial que hoje se nega redondamente a reconhecer a gravidade da epidemia&#8221;, emendou. Publica\u00e7\u00e3o do jornal Washington Post, nos Estados Unidos, fala em impeachment do presidente brasileiro.\u00a0<\/span><\/p>\n<p>&nbsp;<\/p>\n<p><span style=\"font-weight: 400\">Vale lembrar que at\u00e9 o presidente dos EUA, Donald Trump, voltou atr\u00e1s na nega\u00e7\u00e3o da epidemia e, hoje, defendeu em cadeia nacional o distanciamento social at\u00e9 o fim de abril.\u00a0<\/span><\/p>\n<p>&nbsp;<\/p>\n<p><b>Macroeconomia em mudan\u00e7a<\/b><\/p>\n<p>&nbsp;<\/p>\n<p><span style=\"font-weight: 400\">Monica lembrou que algumas medidas que est\u00e3o sendo tomadas por v\u00e1rios governos para socorrer os mais vulner\u00e1veis, como o aux\u00edlio para os trabalhadores aut\u00f4nomos, precisar\u00e3o ser permanentes depois dessa crise que est\u00e1 mudando conceitos macroecon\u00f4micos. Para ela, que levantou a bandeira da renda b\u00e1sica universal no Brasil, as discuss\u00f5es sobre a medidas para a cria\u00e7\u00e3o de prote\u00e7\u00e3o social vinham ocorrendo mesmo antes do novo coronav\u00edrus.\u00a0<\/span><span style=\"font-weight: 400\">\u201cTem paradigmas macroecon\u00f4micos que v\u00e3o mudar depois dessa crise com certeza\u201d, apostou.<\/span><\/p>\n<p>&nbsp;<\/p>\n<p>A do<span style=\"font-weight: 400\">utora em economia pela London School of Economics (LSE), avaliou que tanto Bolsonaro quanto o ministro da Economia, Paulo Guedes, est\u00e3o fazendo muito pouco para contornar a recess\u00e3o que o pa\u00eds vai mergulhar. No caso do ministro, ela criticou o fato de ele fazer lives com investidores em vez de se dedicar ao desenho de um plano mais estruturado para evitar a depress\u00e3o econ\u00f4mica na qual o pa\u00eds vai mergulhar.\u00a0\u00a0<\/span><\/p>\n<p>&nbsp;<\/p>\n<p><span style=\"font-weight: 400\">\u201cQuanto mais tempo o presidente da Rep\u00fablica perder andando pelas ruas de Bras\u00edlia a colocando as pessoas em risco, menos tempo ele est\u00e1 dedicando a formular as medidas e a trabalhar com o Congresso Nacional para que saiam as medidas de prote\u00e7\u00e3o \u00e0 popula\u00e7\u00e3o, \u00e0s empresas e aos empregos, todo o rol de coisas que tem que fazer\u201d, destacou. &#8220;Paulo Guedes n\u00e3o est\u00e1 trabalhando. Ele prefere conversar com investidor\u201d, lamentou.<\/span><\/p>\n<p>&nbsp;<\/p>\n<p><span style=\"font-weight: 400\">Pelas proje\u00e7\u00f5es de Monica, o Brasil est\u00e1 entrando em uma\u00a0 depress\u00e3o e o tombo no Produto Interno Bruto (PIB) neste ano dever\u00e1 ser de 6% e, em 2021, a recupera\u00e7\u00e3o n\u00e3o ser\u00e1 r\u00e1pida como alguns economistas torcem. \u201cEstamos falando de um drama econ\u00f4mico de longa dura\u00e7\u00e3o\u201d, alertou. <\/span><\/p>\n<p>&nbsp;<\/p>\n<p><span style=\"font-weight: 400\">Ela acrescentou que ser muito dif\u00edcil para o pa\u00eds recuperar um crescimento mais robusto ap\u00f3s a crise e, por conta disso, medidas como a renda b\u00e1sica universal poder\u00e3o ajudar no processo de retomada, sem custar muito para os cofres p\u00fablicos. Mas, para isso acontecer, um novo modelo de tributa\u00e7\u00e3o precisar\u00e1 ser criado, cobrando impostos de forma mais progressiva. Um dos modelos defendidos por ela, \u00e9 a tributa\u00e7\u00e3o sobre grandes fortunas.<\/span><\/p>\n","protected":false},"excerpt":{"rendered":"<p>ROSANA HESSEL O Brasil e o mundo que est\u00e3o preocupados com a pandemia da Covid-19, provocada pelo novo coronav\u00edrus, assistiram at\u00f4nitos ao comportamento do presidente Jair Bolsonaro, na manh\u00e3 deste domingo (29\/03), ao caminhar pelas ruas do Distrito Federal, ignorando as recomenda\u00e7\u00f5es do Minist\u00e9rio da Sa\u00fade e da Organiza\u00e7\u00e3o Mundial da Sa\u00fade (OMS). O isolamento [&hellip;]<\/p>\n","protected":false},"author":22,"featured_media":10126,"comment_status":"open","ping_status":"closed","sticky":false,"template":"","format":"standard","meta":{"footnotes":""},"categories":[600],"tags":[2554,4419,4505,589,901,58],"class_list":["post-13713","post","type-post","status-publish","format-standard","has-post-thumbnail","hentry","category-economia","tag-bolsonaro","tag-coronavirus","tag-covid-19","tag-economia","tag-monica-de-bolle","tag-pib"],"_links":{"self":[{"href":"https:\/\/blogs.correiobraziliense.com.br\/vicente\/wp-json\/wp\/v2\/posts\/13713","targetHints":{"allow":["GET"]}}],"collection":[{"href":"https:\/\/blogs.correiobraziliense.com.br\/vicente\/wp-json\/wp\/v2\/posts"}],"about":[{"href":"https:\/\/blogs.correiobraziliense.com.br\/vicente\/wp-json\/wp\/v2\/types\/post"}],"author":[{"embeddable":true,"href":"https:\/\/blogs.correiobraziliense.com.br\/vicente\/wp-json\/wp\/v2\/users\/22"}],"replies":[{"embeddable":true,"href":"https:\/\/blogs.correiobraziliense.com.br\/vicente\/wp-json\/wp\/v2\/comments?post=13713"}],"version-history":[{"count":15,"href":"https:\/\/blogs.correiobraziliense.com.br\/vicente\/wp-json\/wp\/v2\/posts\/13713\/revisions"}],"predecessor-version":[{"id":13728,"href":"https:\/\/blogs.correiobraziliense.com.br\/vicente\/wp-json\/wp\/v2\/posts\/13713\/revisions\/13728"}],"wp:featuredmedia":[{"embeddable":true,"href":"https:\/\/blogs.correiobraziliense.com.br\/vicente\/wp-json\/wp\/v2\/media\/10126"}],"wp:attachment":[{"href":"https:\/\/blogs.correiobraziliense.com.br\/vicente\/wp-json\/wp\/v2\/media?parent=13713"}],"wp:term":[{"taxonomy":"category","embeddable":true,"href":"https:\/\/blogs.correiobraziliense.com.br\/vicente\/wp-json\/wp\/v2\/categories?post=13713"},{"taxonomy":"post_tag","embeddable":true,"href":"https:\/\/blogs.correiobraziliense.com.br\/vicente\/wp-json\/wp\/v2\/tags?post=13713"}],"curies":[{"name":"wp","href":"https:\/\/api.w.org\/{rel}","templated":true}]}}