{"id":13708,"date":"2020-03-27T20:31:12","date_gmt":"2020-03-27T23:31:12","guid":{"rendered":"https:\/\/blogs.correiobraziliense.com.br\/vicente\/?p=13708"},"modified":"2020-03-27T20:55:40","modified_gmt":"2020-03-27T23:55:40","slug":"com-coronavirus-motorista-de-bolsonaro-e-transferido-para-hospital-particular","status":"publish","type":"post","link":"https:\/\/blogs.correiobraziliense.com.br\/vicente\/com-coronavirus-motorista-de-bolsonaro-e-transferido-para-hospital-particular\/","title":{"rendered":"Com coronav\u00edrus, motorista de Bolsonaro \u00e9 transferido para hospital particular"},"content":{"rendered":"<h2>MARINA MACHADO<\/h2>\n<h2><\/h2>\n<h2>O motorista do presidente Jair Bolsonaro, diagnosticado com coronav\u00edrus, foi transferido, nesta sexta-feira (27\/3), para um hospital particular da Asa Sul. No in\u00edcio da semana, ele tinha dado entrada no Instituto Hospital de Base com problemas respirat\u00f3rios, <a href=\"https:\/\/blogs.correiobraziliense.com.br\/vicente\/motorista-de-bolsonaro-da-entrada-em-hospital-com-problemas-respiratorios\/\">conforme informou o <strong>Blog<\/strong><\/a>.<\/h2>\n<p>O n\u00famero de pessoas contaminadas no entorno do presidente Jair Bolsonaro n\u00e3o para de crescer. J\u00e1 s\u00e3o pelo menos 26, incluindo um de seus seguran\u00e7as dele, que est\u00e1 em estado delicado.\u00a0Ari Celso Rocha Lima de Barros estava em isolamento domiciliar, mas acabou sendo internado devido a complica\u00e7\u00f5es.<\/p>\n<p>&nbsp;<\/p>\n<p>Bolsonaro j\u00e1 teria feito tr\u00eas exames para detectar uma poss\u00edvel contamina\u00e7\u00e3o por coronav\u00edrus. Ele garante que, em todas as oportunidades, os resultados foram negativos. O presidente se nega, por\u00e9m, a apresentar os exames.<\/p>\n<p>&nbsp;<\/p>\n<p>A maior parte das pessoas detectadas com a Covid-19 viajou na comitiva do presidente para os Estados Unidos no in\u00edcio de mar\u00e7o. Dezessete dessas pessoas fizeram testes no Hospital das For\u00e7as Armadas (HFA). A Justi\u00e7a Federal pediu os nomes, mas o hospital alegou que dois deles seriam mantidos em sigilo.<\/p>\n<p>&nbsp;<\/p>\n<p><em>Bras\u00edlia, 20h31min<\/em><\/p>\n<p>&nbsp;<\/p>\n","protected":false},"excerpt":{"rendered":"<p>MARINA MACHADO O motorista do presidente Jair Bolsonaro, diagnosticado com coronav\u00edrus, foi transferido, nesta sexta-feira (27\/3), para um hospital particular da Asa Sul. No in\u00edcio da semana, ele tinha dado entrada no Instituto Hospital de Base com problemas respirat\u00f3rios, conforme informou o Blog. O n\u00famero de pessoas contaminadas no entorno do presidente Jair Bolsonaro n\u00e3o [&hellip;]<\/p>\n","protected":false},"author":22,"featured_media":10489,"comment_status":"open","ping_status":"closed","sticky":false,"template":"","format":"standard","meta":{"footnotes":""},"categories":[600],"tags":[],"class_list":["post-13708","post","type-post","status-publish","format-standard","has-post-thumbnail","hentry","category-economia"],"_links":{"self":[{"href":"https:\/\/blogs.correiobraziliense.com.br\/vicente\/wp-json\/wp\/v2\/posts\/13708","targetHints":{"allow":["GET"]}}],"collection":[{"href":"https:\/\/blogs.correiobraziliense.com.br\/vicente\/wp-json\/wp\/v2\/posts"}],"about":[{"href":"https:\/\/blogs.correiobraziliense.com.br\/vicente\/wp-json\/wp\/v2\/types\/post"}],"author":[{"embeddable":true,"href":"https:\/\/blogs.correiobraziliense.com.br\/vicente\/wp-json\/wp\/v2\/users\/22"}],"replies":[{"embeddable":true,"href":"https:\/\/blogs.correiobraziliense.com.br\/vicente\/wp-json\/wp\/v2\/comments?post=13708"}],"version-history":[{"count":1,"href":"https:\/\/blogs.correiobraziliense.com.br\/vicente\/wp-json\/wp\/v2\/posts\/13708\/revisions"}],"predecessor-version":[{"id":13709,"href":"https:\/\/blogs.correiobraziliense.com.br\/vicente\/wp-json\/wp\/v2\/posts\/13708\/revisions\/13709"}],"wp:featuredmedia":[{"embeddable":true,"href":"https:\/\/blogs.correiobraziliense.com.br\/vicente\/wp-json\/wp\/v2\/media\/10489"}],"wp:attachment":[{"href":"https:\/\/blogs.correiobraziliense.com.br\/vicente\/wp-json\/wp\/v2\/media?parent=13708"}],"wp:term":[{"taxonomy":"category","embeddable":true,"href":"https:\/\/blogs.correiobraziliense.com.br\/vicente\/wp-json\/wp\/v2\/categories?post=13708"},{"taxonomy":"post_tag","embeddable":true,"href":"https:\/\/blogs.correiobraziliense.com.br\/vicente\/wp-json\/wp\/v2\/tags?post=13708"}],"curies":[{"name":"wp","href":"https:\/\/api.w.org\/{rel}","templated":true}]}}