{"id":13700,"date":"2020-03-27T18:29:23","date_gmt":"2020-03-27T21:29:23","guid":{"rendered":"https:\/\/blogs.correiobraziliense.com.br\/vicente\/?p=13700"},"modified":"2020-03-27T19:05:53","modified_gmt":"2020-03-27T22:05:53","slug":"bares-e-restaurante-cobram-urgencia-do-stf-na-liberacao-da-mp-dos-salarios","status":"publish","type":"post","link":"https:\/\/blogs.correiobraziliense.com.br\/vicente\/bares-e-restaurante-cobram-urgencia-do-stf-na-liberacao-da-mp-dos-salarios\/","title":{"rendered":"Bares e restaurante cobram urg\u00eancia do STF na libera\u00e7\u00e3o da MP dos Sal\u00e1rios"},"content":{"rendered":"<h2>Empres\u00e1rios do setor de bares e restaurantes cobram urg\u00eancia do Supremo Tribunal Federal (STF) na an\u00e1lise da Medida Provis\u00f3ria (MP) dos Sal\u00e1rios, que prev\u00ea a suspens\u00e3o dos contratos de trabalho por dois meses, al\u00e9m da redu\u00e7\u00e3o dos rendimentos dos trabalhadores, com parte compensada pelo governo.<\/h2>\n<p>&nbsp;<\/p>\n<p>Segundo empres\u00e1rios do setor, essa MP \u00e9 fundamental para atender as microempresas, que ficaram de fora das medidas anunciadas hoje pelo presidente do Banco Central, Roberto Campos Neto. O pacote liberado pelo BC prev\u00ea a libera\u00e7\u00e3o de R$ 40 bilh\u00f5es para o pagamento de folha de sal\u00e1rios de pequenas e m\u00e9dias empresas por dois anos.<\/p>\n<p>&nbsp;<\/p>\n<p>Na avalia\u00e7\u00e3o de Paulo Solmucci, presidente da Abrasel, associa\u00e7\u00e3o que re\u00fane bares e restaurantes, as medidas anunciadas por Campos Neto s\u00e3o muito bem-vidas, mas beneficiam empresas mais elitizadas, que t\u00eam hist\u00f3ricos de cr\u00e9dito que a microempresas n\u00e3o t\u00eam. Mais: por conta na demora na regulamenta\u00e7\u00e3o, os benef\u00edcios \u00e0s empresas s\u00f3 chegar\u00e3o na segunda quinzena de abril, na melhor das hip\u00f3teses.<\/p>\n<p>&nbsp;<\/p>\n<p>Pelos c\u00e1lculos da Abrasel, a cada hora de atraso na aprova\u00e7\u00e3o da MP encaminhada ao STF pela Advocacia-Geral da Unia (AGU), pelo menos 1 mil empregos s\u00e3o perdidos. &#8220;Bares e restaurantes est\u00e3o sendo dizimados no pa\u00eds&#8221;, ressalta. A MP, que custar\u00e1 R$ 36 bilh\u00f5es aos cofres p\u00fablicos, est\u00e1 nas m\u00e3os do ministro Alexandre de Moraes.<\/p>\n<p>&nbsp;<\/p>\n<p>Solmucci acredita que, caso o STF libere ainda nesta sexta-feira (27\/03) a MP proposta pelo governo, j\u00e1 na semana que vem bares e restaurantes que enfrentam dificuldades ter\u00e3o recursos para honrar seus compromissos, sobretudo os sal\u00e1rios de seus funcion\u00e1rios.<\/p>\n<p>&nbsp;<\/p>\n<p><em>Bras\u00edlia, 18h29min<\/em><\/p>\n","protected":false},"excerpt":{"rendered":"<p>Empres\u00e1rios do setor de bares e restaurantes cobram urg\u00eancia do Supremo Tribunal Federal (STF) na an\u00e1lise da Medida Provis\u00f3ria (MP) dos Sal\u00e1rios, que prev\u00ea a suspens\u00e3o dos contratos de trabalho por dois meses, al\u00e9m da redu\u00e7\u00e3o dos rendimentos dos trabalhadores, com parte compensada pelo governo. &nbsp; Segundo empres\u00e1rios do setor, essa MP \u00e9 fundamental para [&hellip;]<\/p>\n","protected":false},"author":22,"featured_media":11173,"comment_status":"open","ping_status":"closed","sticky":false,"template":"","format":"standard","meta":{"footnotes":""},"categories":[600],"tags":[],"class_list":["post-13700","post","type-post","status-publish","format-standard","has-post-thumbnail","hentry","category-economia"],"_links":{"self":[{"href":"https:\/\/blogs.correiobraziliense.com.br\/vicente\/wp-json\/wp\/v2\/posts\/13700","targetHints":{"allow":["GET"]}}],"collection":[{"href":"https:\/\/blogs.correiobraziliense.com.br\/vicente\/wp-json\/wp\/v2\/posts"}],"about":[{"href":"https:\/\/blogs.correiobraziliense.com.br\/vicente\/wp-json\/wp\/v2\/types\/post"}],"author":[{"embeddable":true,"href":"https:\/\/blogs.correiobraziliense.com.br\/vicente\/wp-json\/wp\/v2\/users\/22"}],"replies":[{"embeddable":true,"href":"https:\/\/blogs.correiobraziliense.com.br\/vicente\/wp-json\/wp\/v2\/comments?post=13700"}],"version-history":[{"count":7,"href":"https:\/\/blogs.correiobraziliense.com.br\/vicente\/wp-json\/wp\/v2\/posts\/13700\/revisions"}],"predecessor-version":[{"id":13707,"href":"https:\/\/blogs.correiobraziliense.com.br\/vicente\/wp-json\/wp\/v2\/posts\/13700\/revisions\/13707"}],"wp:featuredmedia":[{"embeddable":true,"href":"https:\/\/blogs.correiobraziliense.com.br\/vicente\/wp-json\/wp\/v2\/media\/11173"}],"wp:attachment":[{"href":"https:\/\/blogs.correiobraziliense.com.br\/vicente\/wp-json\/wp\/v2\/media?parent=13700"}],"wp:term":[{"taxonomy":"category","embeddable":true,"href":"https:\/\/blogs.correiobraziliense.com.br\/vicente\/wp-json\/wp\/v2\/categories?post=13700"},{"taxonomy":"post_tag","embeddable":true,"href":"https:\/\/blogs.correiobraziliense.com.br\/vicente\/wp-json\/wp\/v2\/tags?post=13700"}],"curies":[{"name":"wp","href":"https:\/\/api.w.org\/{rel}","templated":true}]}}