{"id":13697,"date":"2020-03-27T17:31:39","date_gmt":"2020-03-27T20:31:39","guid":{"rendered":"https:\/\/blogs.correiobraziliense.com.br\/vicente\/?p=13697"},"modified":"2020-03-27T17:31:39","modified_gmt":"2020-03-27T20:31:39","slug":"goldman-mantem-queda-de-34-do-pib-neste-ano-apos-novo-pacote","status":"publish","type":"post","link":"https:\/\/blogs.correiobraziliense.com.br\/vicente\/goldman-mantem-queda-de-34-do-pib-neste-ano-apos-novo-pacote\/","title":{"rendered":"Goldman mant\u00e9m queda de 3,4% do PIB neste ano ap\u00f3s novo pacote"},"content":{"rendered":"<p><span style=\"font-weight: 400\">ROSANA HESSEL<\/span><\/p>\n<p>&nbsp;<\/p>\n<p><span style=\"font-weight: 400\">Apesar do an\u00fancio de novos est\u00edmulos para a economia, como o pacote de R$ 40 bilh\u00f5es de bancos p\u00fablicos para socorrer empresas pequenas e m\u00e9dias e preservar empregos em meio \u00e0 pandemia de Covid-19, o Produto Interno Bruto (PIB) brasileiro, o economista-chefe do Goldman Sachs para a Am\u00e9rica Latina, Alberto Ramos, mant\u00e9m previs\u00e3o de queda de 3,4% neste ano. Segundo ele,\u00a0<\/span><span style=\"font-weight: 400\">os impactos e a dura\u00e7\u00e3o da crise provocada pelo novo coronav\u00edrus ainda n\u00e3o est\u00e3o totalmente estimados e o cen\u00e1rio ainda pode piorar.<\/span><\/p>\n<p>&nbsp;<\/p>\n<p><span style=\"font-weight: 400\">\u201cNossa proje\u00e7\u00e3o n\u00e3o vai mudar ap\u00f3s o pacote. Eu diria que o risco de retra\u00e7\u00e3o na economia pode ser um pouco pior do que a gente est\u00e1 projetando, porque nunca vimos uma retra\u00e7\u00e3o na atividade como essa\u201d, destacou Ramos, em entrevista ao <\/span><b>Blog,<\/b><span style=\"font-weight: 400\"> nesta sexta-feira (27\/03). Segundo ele, essas medidas, como a<\/span><span style=\"font-weight: 400\">\u00a0ajuda aos trabalhadores informais de R$ 600 por tr\u00eas meses, aprovada pela C\u00e2mara, ontem, s\u00e3o necess\u00e1rias para ajudar quem n\u00e3o tem renda, mas dependendo do tamanho da crise provocada pela pandemia de Covid-19, a retra\u00e7\u00e3o poder\u00e1 ser maior.<\/span><\/p>\n<p>&nbsp;<\/p>\n<p><span style=\"font-weight: 400\">\u201cAinda n\u00e3o temos certeza de quanto essa paralisa\u00e7\u00e3o e confinamento social das pessoas vai durar. Nos Estados Unidos, por exemplo, para cada m\u00eas em que a economia ficar parada, haver\u00e1 menos 2% no PIB\u201d, explicou.\u00a0\u00a0<\/span><span style=\"font-weight: 400\">\u201cEst\u00e1 havendo uma destrui\u00e7\u00e3o muito r\u00e1pida dos empregos e, no curto prazo, a situa\u00e7\u00e3o \u00e9 dram\u00e1tica e o n\u00edvel de incerteza \u00e9 elevado\u201d, explicou. Ele refor\u00e7ou que n\u00e3o h\u00e1 par\u00e2metros para medir o impacto da recess\u00e3o em que o mundo vai mergulhar. Contudo lembrou que na gripe espanhola, no s\u00e9culo passado, houve tr\u00eas ondas de cont\u00e1gio. &#8220;A terceira foi a pior de todas. Pode ser que o surto ainda est\u00e1 apenas come\u00e7ando. Mas s\u00f3 teremos certeza de que ele foi interrompido quando houver uma vacina\u201d, emendou.<\/span><\/p>\n<p>&nbsp;<\/p>\n<p><span style=\"font-weight: 400\">O Goldman Sachs \u00e9 um dos maiores bancos do mundo. Conforme as novas proje\u00e7\u00f5es da institui\u00e7\u00e3o do banco para a Am\u00e9rica Latina divulgadas hoje, a regi\u00e3o vai registrar uma retra\u00e7\u00e3o de 3,8%, neste ano, a maior recess\u00e3o desde a Segunda Guerra Mundial. \u201cO que sabemos \u00e9 que, por enquanto, a melhor medida \u00e9 manter o isolamento social para evitar uma prolifera\u00e7\u00e3o maior do v\u00edrus\u201d, orientou o economista.<\/span><\/p>\n<p>&nbsp;<\/p>\n<p><b>Contra\u00e7\u00e3o global<\/b><\/p>\n<p>&nbsp;<\/p>\n<p><span style=\"font-weight: 400\">Pelas novas estimativas do banco norte-americano divulgadas hoje, apesar dos pacotes fiscais gigantescos anunciados pelas maiores economias do planeta, o mundo vai encolher mais de 1% enquanto a China dever\u00e1 registrar crescimento de 3%, em fun\u00e7\u00e3o da pandemia de Covid-19. \u201cDependendo da dura\u00e7\u00e3o da crise e o impacto na atividade econ\u00f4mica, essa queda do PIB global poder\u00e1 ser maior\u201d, destacou Ramos.<\/span><\/p>\n<p>&nbsp;<\/p>\n<p><span style=\"font-weight: 400\">Pelas novas previs\u00f5es do banco, a Zona do Euro poder\u00e1 encolher 9% neste ano em vez de crescer 1%. O banco prev\u00ea retra\u00e7\u00e3o generalizada nos pa\u00edses europeus. O PIB da Alemanha dever\u00e1 encolher 8,9% neste ano. Enquanto isso, o da It\u00e1lia cair\u00e1 11,6%; o da Espanha, 9,7%, e o do Reino Unido, 7,5%.<\/span><\/p>\n<p>&nbsp;<\/p>\n","protected":false},"excerpt":{"rendered":"<p>ROSANA HESSEL &nbsp; Apesar do an\u00fancio de novos est\u00edmulos para a economia, como o pacote de R$ 40 bilh\u00f5es de bancos p\u00fablicos para socorrer empresas pequenas e m\u00e9dias e preservar empregos em meio \u00e0 pandemia de Covid-19, o Produto Interno Bruto (PIB) brasileiro, o economista-chefe do Goldman Sachs para a Am\u00e9rica Latina, Alberto Ramos, mant\u00e9m [&hellip;]<\/p>\n","protected":false},"author":22,"featured_media":0,"comment_status":"open","ping_status":"closed","sticky":false,"template":"","format":"standard","meta":{"footnotes":""},"categories":[600],"tags":[589,789,4510,58],"class_list":["post-13697","post","type-post","status-publish","format-standard","hentry","category-economia","tag-economia","tag-goldman-sachs","tag-pandemia","tag-pib"],"_links":{"self":[{"href":"https:\/\/blogs.correiobraziliense.com.br\/vicente\/wp-json\/wp\/v2\/posts\/13697","targetHints":{"allow":["GET"]}}],"collection":[{"href":"https:\/\/blogs.correiobraziliense.com.br\/vicente\/wp-json\/wp\/v2\/posts"}],"about":[{"href":"https:\/\/blogs.correiobraziliense.com.br\/vicente\/wp-json\/wp\/v2\/types\/post"}],"author":[{"embeddable":true,"href":"https:\/\/blogs.correiobraziliense.com.br\/vicente\/wp-json\/wp\/v2\/users\/22"}],"replies":[{"embeddable":true,"href":"https:\/\/blogs.correiobraziliense.com.br\/vicente\/wp-json\/wp\/v2\/comments?post=13697"}],"version-history":[{"count":2,"href":"https:\/\/blogs.correiobraziliense.com.br\/vicente\/wp-json\/wp\/v2\/posts\/13697\/revisions"}],"predecessor-version":[{"id":13699,"href":"https:\/\/blogs.correiobraziliense.com.br\/vicente\/wp-json\/wp\/v2\/posts\/13697\/revisions\/13699"}],"wp:attachment":[{"href":"https:\/\/blogs.correiobraziliense.com.br\/vicente\/wp-json\/wp\/v2\/media?parent=13697"}],"wp:term":[{"taxonomy":"category","embeddable":true,"href":"https:\/\/blogs.correiobraziliense.com.br\/vicente\/wp-json\/wp\/v2\/categories?post=13697"},{"taxonomy":"post_tag","embeddable":true,"href":"https:\/\/blogs.correiobraziliense.com.br\/vicente\/wp-json\/wp\/v2\/tags?post=13697"}],"curies":[{"name":"wp","href":"https:\/\/api.w.org\/{rel}","templated":true}]}}