{"id":13693,"date":"2020-03-27T16:05:08","date_gmt":"2020-03-27T19:05:08","guid":{"rendered":"https:\/\/blogs.correiobraziliense.com.br\/vicente\/?p=13693"},"modified":"2020-03-27T16:05:08","modified_gmt":"2020-03-27T19:05:08","slug":"bolsonaro-e-ponto-fora-da-curva-diz-capital-economics","status":"publish","type":"post","link":"https:\/\/blogs.correiobraziliense.com.br\/vicente\/bolsonaro-e-ponto-fora-da-curva-diz-capital-economics\/","title":{"rendered":"&#8220;Bolsonaro \u00e9 ponto fora da curva&#8221;, diz Capital Economics"},"content":{"rendered":"<p><span style=\"font-weight: 400\">ROSANA HESSEL<\/span><\/p>\n<p>&nbsp;<\/p>\n<p><span style=\"font-weight: 400\">O Brasil tem sido o pa\u00eds mais lento do que a maioria dos pa\u00edses da Am\u00e9rica Latina em tomar medidas para conter a dissemina\u00e7\u00e3o da Covid-19, pandemia provocada pelo novo coronav\u00edrus, na avalia\u00e7\u00e3o de analistas da Capital Economics. Eles criticam o comportamento do presidente Jair Bolsonaro. Eles citam os atritos com o Congresso e governadores e refor\u00e7am o alerta de que a recess\u00e3o na regi\u00e3o ter\u00e1 queda t\u00e3o acentuada quanto a da crise financeira globa e a crise da d\u00edvida do in\u00edcio da d\u00e9cada de 1980.<\/span><\/p>\n<p>&nbsp;<\/p>\n<p><span style=\"font-weight: 400\">\u201cBolsonaro \u00e9 um ponto fora da curva\u201d, afirmou o relat\u00f3rio da equipe liderada William Jackson, economista-chefe para mercados emergentes da consultoria Capital Economics. Ele criticou a demora do governo em tomar medidas para minimizar os impactos da crise que est\u00e1 se formando em rela\u00e7\u00e3o aos pa\u00edses vizinhos.<\/span><\/p>\n<p>&nbsp;<\/p>\n<p><span style=\"font-weight: 400\">Mas o presidente n\u00e3o para de criar pol\u00eamicas, e para piorar, nesta sexta-feira (23\/03), convocou em v\u00eddeo institucional divulgado nas redes sociais a quebra da quarentena nos estados, na contram\u00e3o das recomenda\u00e7\u00f5es da Organiza\u00e7\u00e3o Mundial da Sa\u00fade (OMS).<\/span><\/p>\n<p>&nbsp;<\/p>\n<p><span style=\"font-weight: 400\">\u201cBolsonaro subestimou os riscos \u00e0 sa\u00fade representados pelo v\u00edrus e est\u00e1 mais preocupado com o dano econ\u00f4mico que essas medidas possam causar\u201d, escreveu o analista em relat\u00f3rio enviado aos clientes onde elogia as medidas anunciadas pelo Banco Central do Brasil para dar liquidez ao mercado financeiro.\u00a0<\/span><span style=\"font-weight: 400\">\u201cO BC fez a maior parte do trabalho para combater os efeitos econ\u00f4micos, mas a declara\u00e7\u00e3o foi surpreendentemente cautelosa\u201d, disse ele, apostando em mais uma corte de 0,50 ponto percentual na taxa b\u00e1sica de juros (Selic), em maio, para 3,25% ao ano.\u00a0<\/span><\/p>\n<p>&nbsp;<\/p>\n<p>Na avalia\u00e7\u00e3o dos analistas da Capital, o Brasil tem sido muito mais lento que a maioria dos outros pa\u00edses da regi\u00e3o para tomar medidas para conter a dissemina\u00e7\u00e3o\u00a0do v\u00edrus. Algumas cidades e estados mudaram para bloquear \u00e1reas.<\/p>\n<p>&nbsp;<\/p>\n<p><span style=\"font-weight: 400\">A previs\u00e3o da Capital Economics \u00e9 de queda de 1,5% no Produto Interno Bruto (PIB) do Brasil neste ano. A consultoria foi uma das primeiras a prever PIB negativo para o pa\u00eds al\u00e9m de estimar queda forte no PIB da China, estimando alta de 2% de crescimento na economia devido ao coronav\u00edrus.<\/span><\/p>\n<p>&nbsp;<\/p>\n<p><span style=\"font-weight: 400\">A pandemia est\u00e1 levando o mundo \u00e0 uma recess\u00e3o profunda neste ano, na avalia\u00e7\u00e3o de especialistas. Em entrevista nesta sexta-feira, a diretora-gerente do Fundo Monet\u00e1rio Internacional (FMI),\u00a0 Kristalina Georgieva, afirmou que 80 pa\u00edses j\u00e1 pediram socorro ao organismo multilateral. \u201cEst\u00e1 claro que entramos em uma recess\u00e3o&#8221; que ser\u00e1 pior do que em 2009 ap\u00f3s a crise financeira global, disse o chefe do FMI em uma entrevista coletiva virtual.<\/span><\/p>\n<p>&nbsp;<\/p>\n<p><span style=\"font-weight: 400\">Devido \u00e0 parada na atividade econ\u00f4mica, a estimativa conservadora do Fundo \u00e9 que os mercados emergentes precisar\u00e3o de um socorro de US$ 2,5 trilh\u00f5es (R$ 12,5 trilh\u00f5es).\u00a0\u00a0<\/span><\/p>\n","protected":false},"excerpt":{"rendered":"<p>ROSANA HESSEL &nbsp; O Brasil tem sido o pa\u00eds mais lento do que a maioria dos pa\u00edses da Am\u00e9rica Latina em tomar medidas para conter a dissemina\u00e7\u00e3o da Covid-19, pandemia provocada pelo novo coronav\u00edrus, na avalia\u00e7\u00e3o de analistas da Capital Economics. Eles criticam o comportamento do presidente Jair Bolsonaro. Eles citam os atritos com o [&hellip;]<\/p>\n","protected":false},"author":22,"featured_media":0,"comment_status":"open","ping_status":"closed","sticky":false,"template":"","format":"standard","meta":{"footnotes":""},"categories":[600],"tags":[2554,3893,2250,4510,58],"class_list":["post-13693","post","type-post","status-publish","format-standard","hentry","category-economia","tag-bolsonaro","tag-capital-economics","tag-fmi","tag-pandemia","tag-pib"],"_links":{"self":[{"href":"https:\/\/blogs.correiobraziliense.com.br\/vicente\/wp-json\/wp\/v2\/posts\/13693","targetHints":{"allow":["GET"]}}],"collection":[{"href":"https:\/\/blogs.correiobraziliense.com.br\/vicente\/wp-json\/wp\/v2\/posts"}],"about":[{"href":"https:\/\/blogs.correiobraziliense.com.br\/vicente\/wp-json\/wp\/v2\/types\/post"}],"author":[{"embeddable":true,"href":"https:\/\/blogs.correiobraziliense.com.br\/vicente\/wp-json\/wp\/v2\/users\/22"}],"replies":[{"embeddable":true,"href":"https:\/\/blogs.correiobraziliense.com.br\/vicente\/wp-json\/wp\/v2\/comments?post=13693"}],"version-history":[{"count":1,"href":"https:\/\/blogs.correiobraziliense.com.br\/vicente\/wp-json\/wp\/v2\/posts\/13693\/revisions"}],"predecessor-version":[{"id":13694,"href":"https:\/\/blogs.correiobraziliense.com.br\/vicente\/wp-json\/wp\/v2\/posts\/13693\/revisions\/13694"}],"wp:attachment":[{"href":"https:\/\/blogs.correiobraziliense.com.br\/vicente\/wp-json\/wp\/v2\/media?parent=13693"}],"wp:term":[{"taxonomy":"category","embeddable":true,"href":"https:\/\/blogs.correiobraziliense.com.br\/vicente\/wp-json\/wp\/v2\/categories?post=13693"},{"taxonomy":"post_tag","embeddable":true,"href":"https:\/\/blogs.correiobraziliense.com.br\/vicente\/wp-json\/wp\/v2\/tags?post=13693"}],"curies":[{"name":"wp","href":"https:\/\/api.w.org\/{rel}","templated":true}]}}