{"id":13639,"date":"2020-03-25T15:01:55","date_gmt":"2020-03-25T18:01:55","guid":{"rendered":"https:\/\/blogs.correiobraziliense.com.br\/vicente\/?p=13639"},"modified":"2020-03-26T15:43:51","modified_gmt":"2020-03-26T18:43:51","slug":"giraffas-afasta-diretor-que-fez-terrorismo-com-empregados","status":"publish","type":"post","link":"https:\/\/blogs.correiobraziliense.com.br\/vicente\/giraffas-afasta-diretor-que-fez-terrorismo-com-empregados\/","title":{"rendered":"Giraffas afasta diretor que fez terrorismo com empregados"},"content":{"rendered":"<p>O Conselho de Administra\u00e7\u00e3o do<strong> Giraffas afastou Alexandre Guerra<\/strong> do dia a dia da empresa depois do estrago provocado por ele na imagem da rede de fast food. Em um v\u00eddeo, ele fez terrorismo com os empregados do Giraffas, amea\u00e7ando-os de demiss\u00e3o em meio \u00e0 suspens\u00e3o das opera\u00e7\u00f5es da empresa por causa do novo coronav\u00edrus.<\/p>\n<p>&nbsp;<\/p>\n<p>Alexandre, que det\u00e9m 1% das a\u00e7\u00f5es do Giraffas, \u00e9 filho do fundador da empresa. Desde o in\u00edcio desta semana, o comando da empresa vinha sendo pressionado a afast\u00e1-lo, <a href=\"https:\/\/www.correiobraziliense.com.br\/app\/noticia\/brasil\/2020\/03\/24\/interna-brasil,836326\/coronavirus-empresarios-minimizam-pandemia-e-sao-criticados-internet.shtml\" target=\"_blank\" rel=\"noopener\">sob o risco de uma onda de boicote<\/a> prejudicar de vez a empresa, que j\u00e1 sente o baque do fechamento de lojas para conter a dissemina\u00e7\u00e3o da Covid-19.<\/p>\n<p>&nbsp;<\/p>\n<p>&#8220;Voc\u00ea que \u00e9 funcion\u00e1rio, que talvez esteja em casa numa boa, numa tranquilidade, curtindo um pouco esse home office, esse descanso for\u00e7ado, voc\u00ea j\u00e1 seu deu conta que, ao inv\u00e9s de estar com medo de pegar esse v\u00edrus, voc\u00ea deveria tamb\u00e9m estar com medo de perder o emprego?&#8221;, <a href=\"https:\/\/www.instagram.com\/tv\/B99Ukq3D94T\/?igshid=mkidelklqxa\" target=\"_blank\" rel=\"noopener\">disse Alexandre no v\u00eddeo publicado em rede social<\/a>. Veja:<\/p>\n<p>&nbsp;<\/p>\n<p><a href=\"https:\/\/youtu.be\/vObv_7iARkQ\">https:\/\/youtu.be\/vObv_7iARkQ<\/a><\/p>\n<p>&nbsp;<\/p>\n<p>As declara\u00e7\u00f5es de Alexandre chocaram at\u00e9 o pai dele, Carlos, que havia feito um v\u00eddeo justamente na dire\u00e7\u00e3o contr\u00e1ria, acalmando seus empregados. Carlos disse que o momento exige uni\u00e3o de todos. Ressaltou ainda que, diante de momento t\u00e3o dif\u00edcil, o Giraffas estava dando f\u00e9rias coletivas a seus funcion\u00e1rios, pois o momento era de todos ficarem em casa. &#8220;A nossa preocupa\u00e7\u00e3o maior \u00e9 a tranquilidade de voc\u00eas, funcion\u00e1rios&#8221;, frisou. Assista:<\/p>\n<p>&nbsp;<\/p>\n<div style=\"padding: 16px\">\n<p><a href=\"https:\/\/youtu.be\/o1PeETB_qiw\">https:\/\/youtu.be\/o1PeETB_qiw<\/a><\/p>\n<h2><\/h2>\n<h2><strong>Filhos de Bolsonaro<\/strong><\/h2>\n<p>Alexandre \u00e9 visto dentro da empresa como uma pessoa insens\u00edvel e equivocada. Nos \u00faltimos tempos, vem sendo comparado aos filhos do presidente Jair Bolsonaro, que se tornaram mestres em criar problemas para o governo. A diferen\u00e7a \u00e9 que o pai de Alexandre n\u00e3o compartilha das bobagens ditas e feitas poe ele, ao contr\u00e1rio de Bolsonaro.<\/p>\n<p>&nbsp;<\/p>\n<p>O afastamento de Alexandre Guerra da dire\u00e7\u00e3o do Giraffas foi muito bem recebida pelos empregados da rede de fast food. &#8220;Passou da hora de a empresa dar uma respostas a todos os seus funcion\u00e1rios. O que esse senhor fez n\u00e3o \u00e9 aceit\u00e1vel&#8221;, diz um trabalhador.<\/p>\n<p>&nbsp;<\/p>\n<p><strong>Outro lado<\/strong><\/p>\n<p>&nbsp;<\/p>\n<p><em>&#8220;Esclarecemos por meio desta nota alguns pontos relevantes em rela\u00e7\u00e3o ao empres\u00e1rio Alexandre Guerra, s\u00f3cio-fundador da Na\u00e7\u00e3o Empreendedora desde 2019, citado durante esta semana ap\u00f3s v\u00eddeo gravado em ambiente particular em rela\u00e7\u00e3o \u00e0 pandemia do coronav\u00edrus e o efeito pr\u00e1tico do problema para a economia no Brasil.<\/em><\/p>\n<p><em>A opini\u00e3o do Alexandre \u00e9 pessoal e n\u00e3o possui qualquer v\u00ednculo de interesse relacionado \u00e0 rede de restaurantes Giraffas na qual foi CEO durante os anos de 2012 a 2016, e que desde ent\u00e3o n\u00e3o ocupava nenhum cargo executivo dentro do grupo.<\/em><\/p>\n<p><em>Por fim, diante dos ataques que o Giraffas tem sofrido, o empres\u00e1rio optou por sua sa\u00edda do Conselho de Administra\u00e7\u00e3o e vendeu sua participa\u00e7\u00e3o societ\u00e1ria na rede de restaurantes para, ao lado de seus s\u00f3cios Leonardo Bortoletto e Eduardo Pires, se dedicar \u00e0 Na\u00e7\u00e3o Empreendedora&#8221;<\/em><\/p>\n<p>&nbsp;<\/p>\n<p><em>Bras\u00edlia, 15h01min<\/em><\/p>\n<\/div>\n","protected":false},"excerpt":{"rendered":"<p>O Conselho de Administra\u00e7\u00e3o do Giraffas afastou Alexandre Guerra do dia a dia da empresa depois do estrago provocado por ele na imagem da rede de fast food. Em um v\u00eddeo, ele fez terrorismo com os empregados do Giraffas, amea\u00e7ando-os de demiss\u00e3o em meio \u00e0 suspens\u00e3o das opera\u00e7\u00f5es da empresa por causa do novo coronav\u00edrus. [&hellip;]<\/p>\n","protected":false},"author":22,"featured_media":13642,"comment_status":"open","ping_status":"closed","sticky":false,"template":"","format":"standard","meta":{"footnotes":""},"categories":[600],"tags":[1219,2794,4419,376,2793,4553],"class_list":["post-13639","post","type-post","status-publish","format-standard","has-post-thumbnail","hentry","category-economia","tag-afastamento","tag-alexandre-guerra","tag-coronavirus","tag-empregados","tag-giraffas","tag-terrorismo"],"_links":{"self":[{"href":"https:\/\/blogs.correiobraziliense.com.br\/vicente\/wp-json\/wp\/v2\/posts\/13639","targetHints":{"allow":["GET"]}}],"collection":[{"href":"https:\/\/blogs.correiobraziliense.com.br\/vicente\/wp-json\/wp\/v2\/posts"}],"about":[{"href":"https:\/\/blogs.correiobraziliense.com.br\/vicente\/wp-json\/wp\/v2\/types\/post"}],"author":[{"embeddable":true,"href":"https:\/\/blogs.correiobraziliense.com.br\/vicente\/wp-json\/wp\/v2\/users\/22"}],"replies":[{"embeddable":true,"href":"https:\/\/blogs.correiobraziliense.com.br\/vicente\/wp-json\/wp\/v2\/comments?post=13639"}],"version-history":[{"count":13,"href":"https:\/\/blogs.correiobraziliense.com.br\/vicente\/wp-json\/wp\/v2\/posts\/13639\/revisions"}],"predecessor-version":[{"id":13669,"href":"https:\/\/blogs.correiobraziliense.com.br\/vicente\/wp-json\/wp\/v2\/posts\/13639\/revisions\/13669"}],"wp:featuredmedia":[{"embeddable":true,"href":"https:\/\/blogs.correiobraziliense.com.br\/vicente\/wp-json\/wp\/v2\/media\/13642"}],"wp:attachment":[{"href":"https:\/\/blogs.correiobraziliense.com.br\/vicente\/wp-json\/wp\/v2\/media?parent=13639"}],"wp:term":[{"taxonomy":"category","embeddable":true,"href":"https:\/\/blogs.correiobraziliense.com.br\/vicente\/wp-json\/wp\/v2\/categories?post=13639"},{"taxonomy":"post_tag","embeddable":true,"href":"https:\/\/blogs.correiobraziliense.com.br\/vicente\/wp-json\/wp\/v2\/tags?post=13639"}],"curies":[{"name":"wp","href":"https:\/\/api.w.org\/{rel}","templated":true}]}}