{"id":13637,"date":"2020-03-25T13:51:19","date_gmt":"2020-03-25T16:51:19","guid":{"rendered":"https:\/\/blogs.correiobraziliense.com.br\/vicente\/?p=13637"},"modified":"2020-03-25T14:06:16","modified_gmt":"2020-03-25T17:06:16","slug":"secretaria-de-saude-do-df-tem-todos-os-nomes-das-pessoas-testadas-com-coronavirus-pelo-hfa","status":"publish","type":"post","link":"https:\/\/blogs.correiobraziliense.com.br\/vicente\/secretaria-de-saude-do-df-tem-todos-os-nomes-das-pessoas-testadas-com-coronavirus-pelo-hfa\/","title":{"rendered":"Secretaria de Sa\u00fade do DF tem todos os nomes das pessoas testadas com coronav\u00edrus pelo HFA"},"content":{"rendered":"<h2>RENATO SOUZA<\/h2>\n<h2><\/h2>\n<h2>Est\u00e1 nas m\u00e3os da Secretaria de Sa\u00fade do Distrito Federal o fim do minist\u00e9rio sobre os testes para coronav\u00edrus realizados pelo presidente Jair Bolsonaro. Por determina\u00e7\u00e3o da Justi\u00e7a, o Hospital das For\u00e7as Armadas (HFA) repassou \u00e0 secretaria os nomes de todos os pacientes que testaram positivo para a Covid-19 na unidade de sa\u00fade.<\/h2>\n<p>&nbsp;<\/p>\n<p>No documento enviado \u00e0 ju\u00edza Rachel Soares Chiarelli, da Justi\u00e7a Federal do DF, assinado pelo general de divisas Rui Yutaka, comandante Log\u00edstico do HFA, o hospital deixou de informar os nomes para a magistrada, alegando prote\u00e7\u00e3o constitucional \u00e0 intimidade. Mas informa que repassou a lista para as autoridades de sa\u00fade de Brasilia. Procurada, a secretaria ainda n\u00e3o respondeu.<\/p>\n<p>&nbsp;<\/p>\n<p>Jair Bolsonaro e a primeira-dama, Michele, fizeram exames no HFA.Ambos disseram que testaram negativo para a infec\u00e7\u00e3o. No entanto, pouco antes de o presidente se posicionar oficialmente, a rede de TV norte-americana Fox News, citando o filho dele, deputado Eduardo Bolsonaro, chegou a anunciar que o chefe do Executivo estava contaminado pelo v\u00edrus.<\/p>\n<p>&nbsp;<\/p>\n<p>Posteriormente, confrontada por Eduardo e pelo pai, a emissora afirmou que o deputado havia dito que o primeiro exame deu positivo e o segundo, negativo. A confus\u00e3o gerou uma s\u00e9rie de coment\u00e1rios de que o presidente estaria doente, ao mesmo tempo em que saiu apertando a m\u00e3o de apoiadores nas manifesta\u00e7\u00f5es do \u00faltimo dia 15, em frente ao Pal\u00e1cio do Planalto.<\/p>\n<p>&nbsp;<\/p>\n<p>Bolsonaro chegou usar m\u00e1scaras em suas lives semanais no Facebook e em coletivas de imprensa. Ele se negou a apresentar o documento, com os resultados dos exames, alegando que, por lei, tem direito ao sigilo. Nos bastidores do Planalto, sabe-se que ele n\u00e3o mostrou o documento nem mesmo para seus ministros. Muitos se perguntam o motivo de esconder a prova se ele realmente n\u00e3o est\u00e1 infectado.<\/p>\n<p>&nbsp;<\/p>\n<p>Em volta do presidente, a dissemina\u00e7\u00e3o da doen\u00e7a foi r\u00e1pida e pegou at\u00e9 mesmo o general Augusto Heleno, chefe do Gabinete de Seguran\u00e7a Institucional (GSI). Pelo menos 23 pessoas que acompanharam Bolsonaro aos Estados Unidos testaram positivo para o coronav\u00edrus.<\/p>\n<p>&nbsp;<\/p>\n<p><em>Bras\u00edlia, 13h51min<\/em><\/p>\n","protected":false},"excerpt":{"rendered":"<p>RENATO SOUZA Est\u00e1 nas m\u00e3os da Secretaria de Sa\u00fade do Distrito Federal o fim do minist\u00e9rio sobre os testes para coronav\u00edrus realizados pelo presidente Jair Bolsonaro. Por determina\u00e7\u00e3o da Justi\u00e7a, o Hospital das For\u00e7as Armadas (HFA) repassou \u00e0 secretaria os nomes de todos os pacientes que testaram positivo para a Covid-19 na unidade de sa\u00fade. [&hellip;]<\/p>\n","protected":false},"author":22,"featured_media":12208,"comment_status":"open","ping_status":"closed","sticky":false,"template":"","format":"standard","meta":{"footnotes":""},"categories":[600],"tags":[2554,4419,4505,3891,4532,4552,4551],"class_list":["post-13637","post","type-post","status-publish","format-standard","has-post-thumbnail","hentry","category-economia","tag-bolsonaro","tag-coronavirus","tag-covid-19","tag-exames","tag-hfa","tag-misterio","tag-teste"],"_links":{"self":[{"href":"https:\/\/blogs.correiobraziliense.com.br\/vicente\/wp-json\/wp\/v2\/posts\/13637","targetHints":{"allow":["GET"]}}],"collection":[{"href":"https:\/\/blogs.correiobraziliense.com.br\/vicente\/wp-json\/wp\/v2\/posts"}],"about":[{"href":"https:\/\/blogs.correiobraziliense.com.br\/vicente\/wp-json\/wp\/v2\/types\/post"}],"author":[{"embeddable":true,"href":"https:\/\/blogs.correiobraziliense.com.br\/vicente\/wp-json\/wp\/v2\/users\/22"}],"replies":[{"embeddable":true,"href":"https:\/\/blogs.correiobraziliense.com.br\/vicente\/wp-json\/wp\/v2\/comments?post=13637"}],"version-history":[{"count":1,"href":"https:\/\/blogs.correiobraziliense.com.br\/vicente\/wp-json\/wp\/v2\/posts\/13637\/revisions"}],"predecessor-version":[{"id":13638,"href":"https:\/\/blogs.correiobraziliense.com.br\/vicente\/wp-json\/wp\/v2\/posts\/13637\/revisions\/13638"}],"wp:featuredmedia":[{"embeddable":true,"href":"https:\/\/blogs.correiobraziliense.com.br\/vicente\/wp-json\/wp\/v2\/media\/12208"}],"wp:attachment":[{"href":"https:\/\/blogs.correiobraziliense.com.br\/vicente\/wp-json\/wp\/v2\/media?parent=13637"}],"wp:term":[{"taxonomy":"category","embeddable":true,"href":"https:\/\/blogs.correiobraziliense.com.br\/vicente\/wp-json\/wp\/v2\/categories?post=13637"},{"taxonomy":"post_tag","embeddable":true,"href":"https:\/\/blogs.correiobraziliense.com.br\/vicente\/wp-json\/wp\/v2\/tags?post=13637"}],"curies":[{"name":"wp","href":"https:\/\/api.w.org\/{rel}","templated":true}]}}