{"id":13630,"date":"2020-03-25T12:40:02","date_gmt":"2020-03-25T15:40:02","guid":{"rendered":"https:\/\/blogs.correiobraziliense.com.br\/vicente\/?p=13630"},"modified":"2020-03-25T12:43:02","modified_gmt":"2020-03-25T15:43:02","slug":"ibre-preve-queda-de-ate-2-no-pib-de-2020-mas-com-vies-de-baixa","status":"publish","type":"post","link":"https:\/\/blogs.correiobraziliense.com.br\/vicente\/ibre-preve-queda-de-ate-2-no-pib-de-2020-mas-com-vies-de-baixa\/","title":{"rendered":"Ibre prev\u00ea queda de at\u00e9 2% no PIB de 2020, mas &#8220;com vi\u00e9s de baixa&#8221;"},"content":{"rendered":"<p><span style=\"font-weight: 400\">ROSANA HESSEL<\/span><\/p>\n<p>&nbsp;<\/p>\n<p><span style=\"font-weight: 400\">O Instituto Brasileiro de Economia da Funda\u00e7\u00e3o Getulio Vargas (Ibre-FGV) prev\u00ea queda de at\u00e9 2% no Produto Interno Bruto (PIB) de 2020, devido aos impactos econ\u00f4micos da pandemia de Covid-19, provocada pelo novo coronav\u00edrus, no Brasil. No cen\u00e1rio otimista, a varia\u00e7\u00e3o do PIB deveria ser zero e, no b\u00e1sico, a retra\u00e7\u00e3o seria 0,9%. Essas proje\u00e7\u00f5es fazem parte do mais recente Boletim Macro divulgado nesta quarta-feira (25\/03).<\/span><\/p>\n<p>&nbsp;<\/p>\n<p><span style=\"font-weight: 400\">O cen\u00e1rio pessimista j\u00e1 \u00e9 considerado como o mais prov\u00e1vel para a economista Silvia Matos, coordenadora t\u00e9cnica do Boletim Macro do Ibre, em fun\u00e7\u00e3o da evolu\u00e7\u00e3o r\u00e1pida da epidemia no pa\u00eds nos \u00faltimos dias. \u201cA tend\u00eancia \u00e9 de baixa na proje\u00e7\u00e3o, porque o \u00edndice de condi\u00e7\u00f5es financeiras n\u00e3o contempla todo o choque do confinamento das pessoas. Dependendo da dura\u00e7\u00e3o do lockdown, a queda pode ser muito maior\u201d, afirmou a especialista ao <\/span><b>Blog<\/b><span style=\"font-weight: 400\">.\u00a0<\/span><\/p>\n<p>&nbsp;<\/p>\n<p><span style=\"font-weight: 400\">As \u00faltimas proje\u00e7\u00f5es do Ibre foram muito pr\u00f3ximas do resultado do PIB brasileiro divulgado pelo Instituto Brasileiro de Geografia e Estat\u00edstica (IBGE). No cen\u00e1rio pessimista, que caminha para ser o mais prov\u00e1vel, a previs\u00e3o de retra\u00e7\u00e3o do PIB no segundo trimestre \u00e9 de queda de at\u00e9 10%.<\/span><\/p>\n<p>&nbsp;<\/p>\n<p><span style=\"font-weight: 400\">De acordo com o relat\u00f3rio, a crise atual \u00e9 o maior desafio mundial desde a Segunda Guerra Mundial.\u00a0\u00a0<\/span><span style=\"font-weight: 400\">\u201cPoucas vezes no passado houve um n\u00edvel t\u00e3o alto de incerteza, s\u00f3 compar\u00e1vel \u00e0 apreens\u00e3o com que a sociedade v\u00ea a crise de sa\u00fade p\u00fablica se aprofundar. A velocidade com que o v\u00edrus se espalha, aqui e l\u00e1 fora, \u00e9 incomparavelmente maior que a capacidade de se produzirem indicadores de seus impactos sobre a economia\u201d, informou o documento. \u201cA dificuldade de prever o tamanho da epidemia, e de aferir o seu impacto sobre a economia, torna quase imposs\u00edvel projetar para onde v\u00e3o o n\u00edvel de atividade e outros indicadores econ\u00f4micos este ano\u201d, adicionou o texto.<\/span><\/p>\n<p>&nbsp;<\/p>\n<p><span style=\"font-weight: 400\">Antes da prolifera\u00e7\u00e3o da epidemia, a estimativa do Ibre para o crescimento do PIB brasileiro neste ano era de 2,2%. Mas, logo depois do avan\u00e7o do coronav\u00edrus na China, o Instituto havia reduzido para 2%, em fevereiro, e, agora, para -0,9%. \u201cDar um n\u00famero fechado agora e dizer que este \u00e9 o cen\u00e1rio mais prov\u00e1vel \u00e9 imposs\u00edvel\u201d, explicou Silvia.<\/span><\/p>\n<p>&nbsp;<\/p>\n<p><span style=\"font-weight: 400\">O estudo mostra ainda que os trabalhadores informais, em 2019, respondiam por 45,7% de toda for\u00e7a de trabalho e a renda m\u00e9dia, de R$ 1,5 mil ao m\u00eas, correspondeu a 66% do rendimento m\u00e9dio de toda a popula\u00e7\u00e3o ocupada. Com isso, os informais responderam por 30% do total, quase um ter\u00e7o. Os dois \u00faltimos cen\u00e1rios projetam quedas mais significativas, al\u00e9m de um cen\u00e1rio de n\u00e3o estabiliza\u00e7\u00e3o da renda por todo ano, de acordo com o documento.<\/span><\/p>\n","protected":false},"excerpt":{"rendered":"<p>ROSANA HESSEL &nbsp; O Instituto Brasileiro de Economia da Funda\u00e7\u00e3o Getulio Vargas (Ibre-FGV) prev\u00ea queda de at\u00e9 2% no Produto Interno Bruto (PIB) de 2020, devido aos impactos econ\u00f4micos da pandemia de Covid-19, provocada pelo novo coronav\u00edrus, no Brasil. No cen\u00e1rio otimista, a varia\u00e7\u00e3o do PIB deveria ser zero e, no b\u00e1sico, a retra\u00e7\u00e3o seria [&hellip;]<\/p>\n","protected":false},"author":22,"featured_media":0,"comment_status":"open","ping_status":"closed","sticky":false,"template":"","format":"standard","meta":{"footnotes":""},"categories":[600],"tags":[4419,535,3300,4510,58],"class_list":["post-13630","post","type-post","status-publish","format-standard","hentry","category-economia","tag-coronavirus","tag-fgv","tag-ibre","tag-pandemia","tag-pib"],"_links":{"self":[{"href":"https:\/\/blogs.correiobraziliense.com.br\/vicente\/wp-json\/wp\/v2\/posts\/13630","targetHints":{"allow":["GET"]}}],"collection":[{"href":"https:\/\/blogs.correiobraziliense.com.br\/vicente\/wp-json\/wp\/v2\/posts"}],"about":[{"href":"https:\/\/blogs.correiobraziliense.com.br\/vicente\/wp-json\/wp\/v2\/types\/post"}],"author":[{"embeddable":true,"href":"https:\/\/blogs.correiobraziliense.com.br\/vicente\/wp-json\/wp\/v2\/users\/22"}],"replies":[{"embeddable":true,"href":"https:\/\/blogs.correiobraziliense.com.br\/vicente\/wp-json\/wp\/v2\/comments?post=13630"}],"version-history":[{"count":4,"href":"https:\/\/blogs.correiobraziliense.com.br\/vicente\/wp-json\/wp\/v2\/posts\/13630\/revisions"}],"predecessor-version":[{"id":13634,"href":"https:\/\/blogs.correiobraziliense.com.br\/vicente\/wp-json\/wp\/v2\/posts\/13630\/revisions\/13634"}],"wp:attachment":[{"href":"https:\/\/blogs.correiobraziliense.com.br\/vicente\/wp-json\/wp\/v2\/media?parent=13630"}],"wp:term":[{"taxonomy":"category","embeddable":true,"href":"https:\/\/blogs.correiobraziliense.com.br\/vicente\/wp-json\/wp\/v2\/categories?post=13630"},{"taxonomy":"post_tag","embeddable":true,"href":"https:\/\/blogs.correiobraziliense.com.br\/vicente\/wp-json\/wp\/v2\/tags?post=13630"}],"curies":[{"name":"wp","href":"https:\/\/api.w.org\/{rel}","templated":true}]}}