{"id":1363,"date":"2016-06-09T11:21:21","date_gmt":"2016-06-09T14:21:21","guid":{"rendered":"https:\/\/blogs.correiobraziliense.com.br\/vicente\/?p=1363"},"modified":"2016-06-09T11:52:22","modified_gmt":"2016-06-09T14:52:22","slug":"mercado-ja-ve-dolar-r-330-como-bc-usando-o-cambio-para-conter-inflacao","status":"publish","type":"post","link":"https:\/\/blogs.correiobraziliense.com.br\/vicente\/mercado-ja-ve-dolar-r-330-como-bc-usando-o-cambio-para-conter-inflacao\/","title":{"rendered":"Mercado j\u00e1 v\u00ea d\u00f3lar a R$ 3,30, com o BC usando o c\u00e2mbio para conter infla\u00e7\u00e3o"},"content":{"rendered":"<p>Operadores de mercado refizeram as contas e acreditam que o novo piso para o d\u00f3lar passou para a ser de R$ 3,30, com o Banco Central podendo usar o real forte para conter a infla\u00e7\u00e3o, que voltou a preocupar. O \u00cdndice de Pre\u00e7os ao Consumidor Amplo (IPCA) de maio cravou alta de 0,78%, a maior taxa para o m\u00eas desde 2008, e a primeira pr\u00e9via de junho do \u00cdndice Geral de Pre\u00e7o \u2014 Mercado (IGP-M) chegou a 1,12%.<\/p>\n<p>&nbsp;<\/p>\n<p>Na avalia\u00e7\u00e3o de especialistas, se o d\u00f3lar continuar caindo, \u00e9 poss\u00edvel que as expectativas para o pre\u00e7o da moeda norte-americana no fim do ano, que est\u00e3o em R$ 3,68, caiam para algo entre R$ 3,35 e R$ 3,40, ajudando a reduzir as expectativas de infla\u00e7\u00e3o para este ano e, sobretudo, para 2017. Se esse quadro se confirmar nas pr\u00f3ximas semanas, \u00e9 poss\u00edvel que, a partir de agosto, o Banco Central comandado por Ilan Goldfajn se sinta mais confort\u00e1vel para come\u00e7ar a reduzir a taxa b\u00e1sica de juros (Selic), mantida em 14,25% ao ano.<\/p>\n<p>&nbsp;<\/p>\n<p>Uma coisa, por\u00e9m, est\u00e1 certo na cabe\u00e7a de operadores e de analistas: o corte na Selic ser\u00e1 bem menor do que o esperado. o discurso de Ilan de que o BC estar\u00e1 comprometido em levar a infla\u00e7\u00e3o para o centro da meta, de 4,5%, o mais rapidamente poss\u00edvel, mostrou que ele n\u00e3o ser\u00e1 t\u00e3o &#8220;dovish&#8221; (complacente) em rela\u00e7\u00e3o \u00e0 carestia.<\/p>\n<p>&nbsp;<\/p>\n<p><em>Bras\u00edlia, 11h21min<\/em><\/p>\n","protected":false},"excerpt":{"rendered":"<p>Operadores de mercado refizeram as contas e acreditam que o novo piso para o d\u00f3lar passou para a ser de R$ 3,30, com o Banco Central podendo usar o real forte para conter a infla\u00e7\u00e3o, que voltou a preocupar. O \u00cdndice de Pre\u00e7os ao Consumidor Amplo (IPCA) de maio cravou alta de 0,78%, a maior [&hellip;]<\/p>\n","protected":false},"author":22,"featured_media":0,"comment_status":"open","ping_status":"closed","sticky":false,"template":"","format":"standard","meta":{"footnotes":""},"categories":[1],"tags":[],"class_list":["post-1363","post","type-post","status-publish","format-standard","hentry","category-sem-categoria"],"_links":{"self":[{"href":"https:\/\/blogs.correiobraziliense.com.br\/vicente\/wp-json\/wp\/v2\/posts\/1363","targetHints":{"allow":["GET"]}}],"collection":[{"href":"https:\/\/blogs.correiobraziliense.com.br\/vicente\/wp-json\/wp\/v2\/posts"}],"about":[{"href":"https:\/\/blogs.correiobraziliense.com.br\/vicente\/wp-json\/wp\/v2\/types\/post"}],"author":[{"embeddable":true,"href":"https:\/\/blogs.correiobraziliense.com.br\/vicente\/wp-json\/wp\/v2\/users\/22"}],"replies":[{"embeddable":true,"href":"https:\/\/blogs.correiobraziliense.com.br\/vicente\/wp-json\/wp\/v2\/comments?post=1363"}],"version-history":[{"count":1,"href":"https:\/\/blogs.correiobraziliense.com.br\/vicente\/wp-json\/wp\/v2\/posts\/1363\/revisions"}],"predecessor-version":[{"id":1364,"href":"https:\/\/blogs.correiobraziliense.com.br\/vicente\/wp-json\/wp\/v2\/posts\/1363\/revisions\/1364"}],"wp:attachment":[{"href":"https:\/\/blogs.correiobraziliense.com.br\/vicente\/wp-json\/wp\/v2\/media?parent=1363"}],"wp:term":[{"taxonomy":"category","embeddable":true,"href":"https:\/\/blogs.correiobraziliense.com.br\/vicente\/wp-json\/wp\/v2\/categories?post=1363"},{"taxonomy":"post_tag","embeddable":true,"href":"https:\/\/blogs.correiobraziliense.com.br\/vicente\/wp-json\/wp\/v2\/tags?post=1363"}],"curies":[{"name":"wp","href":"https:\/\/api.w.org\/{rel}","templated":true}]}}