{"id":13620,"date":"2020-03-24T19:35:07","date_gmt":"2020-03-24T22:35:07","guid":{"rendered":"https:\/\/blogs.correiobraziliense.com.br\/vicente\/?p=13620"},"modified":"2020-03-24T22:46:11","modified_gmt":"2020-03-25T01:46:11","slug":"setor-coureiro-calcadista-promete-nao-protestar-clientes-por-atraso-em-pagamento","status":"publish","type":"post","link":"https:\/\/blogs.correiobraziliense.com.br\/vicente\/setor-coureiro-calcadista-promete-nao-protestar-clientes-por-atraso-em-pagamento\/","title":{"rendered":"Setor coureiro-cal\u00e7adista promete n\u00e3o protestar clientes por atraso em pagamento"},"content":{"rendered":"<h2>Empresas do setor coureiro-cal\u00e7adista prometem ampliar o di\u00e1logo e a negocia\u00e7\u00e3o com os clientes para evitar protestos de t\u00edtulos e garantir o acesso de revendedores a linhas de cr\u00e9dito. As ind\u00fastrias tamb\u00e9m est\u00e3o dispostas a flexibilizarem os prazos de pagamento e a suspenderem ou adiarem a entrega de mercadorias.<\/h2>\n<p>&nbsp;<\/p>\n<p>Tais medidas t\u00eam como objetivo preservar as rela\u00e7\u00f5es comerciais entre as empresas, com o objetivo de preservar uma cadeia que gera mais de 1,5 milh\u00e3o de empregos diretos no Brasil.<\/p>\n<p>&nbsp;<\/p>\n<p>Presidente da Associa\u00e7\u00e3o Brasileira das Ind\u00fastrias de Cal\u00e7ados (Abical\u00e7ados), Haroldo Ferreira diz que o momento \u00e9 grave e exige o entendimento entre os elos da cadeia, para evitar um agravamento da crise provocada pelo novo coronav\u00edrus. &#8220;O consumo vem caindo abruptamente em fun\u00e7\u00e3o do avan\u00e7o da pandemia. Desta forma, \u00e9 preciso que todos, desde o fornecedor at\u00e9 o varejo, fa\u00e7am a sua parte, com compreens\u00e3o e solidariedade\u201d, afirma.<\/p>\n<p>&nbsp;<\/p>\n<p>Segundo o presidente da Associa\u00e7\u00e3o Brasileira das Ind\u00fastrias de M\u00e1quinas e Equipamentos para os Setores do Couro, Cal\u00e7ados e Afins (Abrameq), Andr\u00e9 Nodari, a pandemia do novo coronav\u00edrus \u00e9 a maior crise mundial desde a Segunda Grande Guerra. Por isso, a necessidade de pronta rea\u00e7\u00e3o da sociedade e do governo. \u201c\u00c9 hora das pessoas e das empresas colocarem o bem comum acima de interesses pessoais, tanto no aspecto de sa\u00fade quanto no econ\u00f4mico. \u00c9 hora de os governos agirem para minimizar a recess\u00e3o&#8221;, acrescenta.<\/p>\n<p>&nbsp;<\/p>\n<p><strong>Prioridades<\/strong><\/p>\n<p>&nbsp;<\/p>\n<p>Representante do varejo, Marcone Tavares, presidente da Associa\u00e7\u00e3o Brasileira dos Lojistas de Artefatos e Cal\u00e7ados (Ablac), destaca que, neste momento, as empresas do setor est\u00e3o priorizando pessoas e seus empregos diretos e indiretos. &#8220;Na lista de prioridades est\u00e3o os parceiros comerciais e, por fim, o governo, que precisa dar a sua contribui\u00e7\u00e3o&#8221;, diz.<\/p>\n<p>&nbsp;<\/p>\n<p>A superintendente da Associa\u00e7\u00e3o Brasileira de Empresas de Componentes para Couro, Cal\u00e7ados e Artefatos (Assintecal), Ilse Biason Guimar\u00e3es, tamb\u00e9m prev\u00ea momentos delicados, por se lidar com vidas humanas. Ela salienta que \u00e9 importante que todos contribuam, e, principalmente \u201cbusquem fortalecer a uni\u00e3o em torno de solu\u00e7\u00f5es e da condu\u00e7\u00e3o de pleitos que possam reduzir os impactos da crise\u201d.<\/p>\n<p>&nbsp;<\/p>\n<p>Na avalia\u00e7\u00e3o de Jos\u00e9 Fernando Bello, presidente do Centro das Ind\u00fastrias de Curtumes do Brasil (CICB), a adapta\u00e7\u00e3o e os ajustes de todos neg\u00f3cios, independentemente do tamanho que tenham, ser\u00e3o fundamentais para que o impacto da pandemia na economia seja o menor poss\u00edvel. \u201cIsso ser\u00e1 crucial para que tenhamos resultados positivos sobre os cuidados, a seguran\u00e7a e a aten\u00e7\u00e3o especial com as pessoas e a sociedade\u201d, avalia.<\/p>\n<p>&nbsp;<\/p>\n<p><em>Bras\u00edlia, 19h35min<\/em><\/p>\n","protected":false},"excerpt":{"rendered":"<p>Empresas do setor coureiro-cal\u00e7adista prometem ampliar o di\u00e1logo e a negocia\u00e7\u00e3o com os clientes para evitar protestos de t\u00edtulos e garantir o acesso de revendedores a linhas de cr\u00e9dito. As ind\u00fastrias tamb\u00e9m est\u00e3o dispostas a flexibilizarem os prazos de pagamento e a suspenderem ou adiarem a entrega de mercadorias. &nbsp; Tais medidas t\u00eam como objetivo [&hellip;]<\/p>\n","protected":false},"author":22,"featured_media":11785,"comment_status":"open","ping_status":"closed","sticky":false,"template":"","format":"standard","meta":{"footnotes":""},"categories":[600],"tags":[4546,4419,4545,179,1109,4547,2825,4548],"class_list":["post-13620","post","type-post","status-publish","format-standard","has-post-thumbnail","hentry","category-economia","tag-calcadista","tag-coronavirus","tag-coureiro","tag-crise","tag-empresas","tag-negocios","tag-protesto","tag-titulos"],"_links":{"self":[{"href":"https:\/\/blogs.correiobraziliense.com.br\/vicente\/wp-json\/wp\/v2\/posts\/13620","targetHints":{"allow":["GET"]}}],"collection":[{"href":"https:\/\/blogs.correiobraziliense.com.br\/vicente\/wp-json\/wp\/v2\/posts"}],"about":[{"href":"https:\/\/blogs.correiobraziliense.com.br\/vicente\/wp-json\/wp\/v2\/types\/post"}],"author":[{"embeddable":true,"href":"https:\/\/blogs.correiobraziliense.com.br\/vicente\/wp-json\/wp\/v2\/users\/22"}],"replies":[{"embeddable":true,"href":"https:\/\/blogs.correiobraziliense.com.br\/vicente\/wp-json\/wp\/v2\/comments?post=13620"}],"version-history":[{"count":1,"href":"https:\/\/blogs.correiobraziliense.com.br\/vicente\/wp-json\/wp\/v2\/posts\/13620\/revisions"}],"predecessor-version":[{"id":13621,"href":"https:\/\/blogs.correiobraziliense.com.br\/vicente\/wp-json\/wp\/v2\/posts\/13620\/revisions\/13621"}],"wp:featuredmedia":[{"embeddable":true,"href":"https:\/\/blogs.correiobraziliense.com.br\/vicente\/wp-json\/wp\/v2\/media\/11785"}],"wp:attachment":[{"href":"https:\/\/blogs.correiobraziliense.com.br\/vicente\/wp-json\/wp\/v2\/media?parent=13620"}],"wp:term":[{"taxonomy":"category","embeddable":true,"href":"https:\/\/blogs.correiobraziliense.com.br\/vicente\/wp-json\/wp\/v2\/categories?post=13620"},{"taxonomy":"post_tag","embeddable":true,"href":"https:\/\/blogs.correiobraziliense.com.br\/vicente\/wp-json\/wp\/v2\/tags?post=13620"}],"curies":[{"name":"wp","href":"https:\/\/api.w.org\/{rel}","templated":true}]}}