{"id":13605,"date":"2020-03-24T19:30:14","date_gmt":"2020-03-24T22:30:14","guid":{"rendered":"https:\/\/blogs.correiobraziliense.com.br\/vicente\/?p=13605"},"modified":"2020-03-24T19:47:18","modified_gmt":"2020-03-24T22:47:18","slug":"supermercados-denunciam-produtores-de-leite-e-queijo-por-reajustes-abusivos-de-precos","status":"publish","type":"post","link":"https:\/\/blogs.correiobraziliense.com.br\/vicente\/supermercados-denunciam-produtores-de-leite-e-queijo-por-reajustes-abusivos-de-precos\/","title":{"rendered":"Supermercados denunciam produtores de leite e queijo por reajustes abusivos de pre\u00e7os"},"content":{"rendered":"<h2>Em meio \u00e0 pandemia do novo coronav\u00edrus, que provoca estragos no mundo todo, os abusos cometidos por v\u00e1rias empresas n\u00e3o t\u00eam limites. Tanto que, nesta ter\u00e7a-feira (24\/03), a\u00a0Associa\u00e7\u00e3o Brasileira de Supermercados (Abras) denunciou uma parcela de produtores de leite e queijos \u00e0 Secretaria Nacional do Consumidor (Senacon), do Minist\u00e9rio da Justi\u00e7a. As ind\u00fastrias s\u00e3o acusadas de pr\u00e1ticas abusivas de aumento de pre\u00e7os.<\/h2>\n<p>&nbsp;<\/p>\n<p>Os supermercados dizem que n\u00e3o aceitar\u00e3o esses movimentos, que t\u00eam como \u00fanico objetivo prejudicar os consumidores, j\u00e1 que todos os aumentos de pre\u00e7os ter\u00e3o que ser repassados para as mercadorias.<\/p>\n<p>&nbsp;<\/p>\n<p>&#8220;Reiteramos a nossa contrariedade e discord\u00e2ncia \u00e0s pr\u00e1ticas abusivas de pre\u00e7os e solicitamos \u00e0s nossas 27 associa\u00e7\u00f5es estaduais de supermercados para que orientem seus associados a refutarem qualquer aumento sem explica\u00e7\u00e3o mercadol\u00f3gica&#8221;, ressalta a Abras, em nota.<\/p>\n<p>&nbsp;<\/p>\n<p><strong>Fragilidade da popula\u00e7\u00e3o<\/strong><\/p>\n<p>&nbsp;<\/p>\n<p>A associa\u00e7\u00e3o ressalta ainda que tem o dever e o direito empresarial de acompanhar os valores dos produtos comercializados no setor, com o intuito de evitar eventuais distor\u00e7\u00f5es e garantir a transpar\u00eancia e a qualidade nos servi\u00e7os prestados ao consumidor&#8221;.<\/p>\n<p>&nbsp;<\/p>\n<p>Segundo a associa\u00e7\u00e3o, o setor supermercadista est\u00e1 trabalhando para manter o equilibro nas rela\u00e7\u00f5es de consumo diante da lament\u00e1vel pandemia da Covid19. Por isso, &#8220;n\u00e3o compactua com a eleva\u00e7\u00e3o injustificada de pre\u00e7os, principalmente, em per\u00edodo de fragilidade da popula\u00e7\u00e3o no que se refere \u00e0 sa\u00fade p\u00fablica&#8221;.<\/p>\n<p>&nbsp;<\/p>\n<p>De acordo com a Abras, as\u00a0empresas supermercadistas t\u00eam seus custos, seus compromissos e a forma de empreender, buscando operar dentro dos par\u00e2metros e das normas que devem reger a livre iniciativa e a economia de mercado.<\/p>\n<p>&nbsp;<\/p>\n<p>Isso, segundo a Abras, &#8220;constitui-se em garantia constitucional, como prescreve a nossa Lei Maior nos seus princ\u00edpios fundamentais, direitos e garantias&#8221;.<\/p>\n<p>&nbsp;<\/p>\n<p><em>Bras\u00edlia, 19h30min<\/em><\/p>\n","protected":false},"excerpt":{"rendered":"<p>Em meio \u00e0 pandemia do novo coronav\u00edrus, que provoca estragos no mundo todo, os abusos cometidos por v\u00e1rias empresas n\u00e3o t\u00eam limites. Tanto que, nesta ter\u00e7a-feira (24\/03), a\u00a0Associa\u00e7\u00e3o Brasileira de Supermercados (Abras) denunciou uma parcela de produtores de leite e queijos \u00e0 Secretaria Nacional do Consumidor (Senacon), do Minist\u00e9rio da Justi\u00e7a. As ind\u00fastrias s\u00e3o acusadas [&hellip;]<\/p>\n","protected":false},"author":22,"featured_media":9718,"comment_status":"open","ping_status":"closed","sticky":false,"template":"","format":"standard","meta":{"footnotes":""},"categories":[600],"tags":[219,2038,4538,390,124,4537,1284],"class_list":["post-13605","post","type-post","status-publish","format-standard","has-post-thumbnail","hentry","category-economia","tag-abusos","tag-denuncias","tag-ministerio-da-justica","tag-precos","tag-reajustes","tag-senacon","tag-supermercados"],"_links":{"self":[{"href":"https:\/\/blogs.correiobraziliense.com.br\/vicente\/wp-json\/wp\/v2\/posts\/13605","targetHints":{"allow":["GET"]}}],"collection":[{"href":"https:\/\/blogs.correiobraziliense.com.br\/vicente\/wp-json\/wp\/v2\/posts"}],"about":[{"href":"https:\/\/blogs.correiobraziliense.com.br\/vicente\/wp-json\/wp\/v2\/types\/post"}],"author":[{"embeddable":true,"href":"https:\/\/blogs.correiobraziliense.com.br\/vicente\/wp-json\/wp\/v2\/users\/22"}],"replies":[{"embeddable":true,"href":"https:\/\/blogs.correiobraziliense.com.br\/vicente\/wp-json\/wp\/v2\/comments?post=13605"}],"version-history":[{"count":1,"href":"https:\/\/blogs.correiobraziliense.com.br\/vicente\/wp-json\/wp\/v2\/posts\/13605\/revisions"}],"predecessor-version":[{"id":13606,"href":"https:\/\/blogs.correiobraziliense.com.br\/vicente\/wp-json\/wp\/v2\/posts\/13605\/revisions\/13606"}],"wp:featuredmedia":[{"embeddable":true,"href":"https:\/\/blogs.correiobraziliense.com.br\/vicente\/wp-json\/wp\/v2\/media\/9718"}],"wp:attachment":[{"href":"https:\/\/blogs.correiobraziliense.com.br\/vicente\/wp-json\/wp\/v2\/media?parent=13605"}],"wp:term":[{"taxonomy":"category","embeddable":true,"href":"https:\/\/blogs.correiobraziliense.com.br\/vicente\/wp-json\/wp\/v2\/categories?post=13605"},{"taxonomy":"post_tag","embeddable":true,"href":"https:\/\/blogs.correiobraziliense.com.br\/vicente\/wp-json\/wp\/v2\/tags?post=13605"}],"curies":[{"name":"wp","href":"https:\/\/api.w.org\/{rel}","templated":true}]}}