{"id":13602,"date":"2020-03-24T17:01:02","date_gmt":"2020-03-24T20:01:02","guid":{"rendered":"https:\/\/blogs.correiobraziliense.com.br\/vicente\/?p=13602"},"modified":"2020-03-24T17:35:12","modified_gmt":"2020-03-24T20:35:12","slug":"mansueto-campos-neto-e-pedro-guimaraes-lideram-apostas-para-vaga-de-guedes","status":"publish","type":"post","link":"https:\/\/blogs.correiobraziliense.com.br\/vicente\/mansueto-campos-neto-e-pedro-guimaraes-lideram-apostas-para-vaga-de-guedes\/","title":{"rendered":"Mansueto, Campos Neto e Pedro Guimar\u00e3es lideram apostas para vaga de Guedes"},"content":{"rendered":"<p>Tr\u00eas nomes surgiram com for\u00e7a desde ontem na Esplanada dos Minist\u00e9rios para uma eventual demiss\u00e3o de Paulo Guedes do Minist\u00e9rio da Economia. O &#8220;Posto Ipiranga&#8221; j\u00e1 n\u00e3o faz mais a cabe\u00e7a do presidente Jair Bolsonaro e, sobretudo, dos filhos dele. Os nomes que est\u00e3o na lista de apostas s\u00e3o os do secret\u00e1rio do Tesouro Nacional, Mansueto Almeida; do presidente do Banco Central, Roberto Campos Neto; e do presidente da Caixa, Pedro Guimar\u00e3es.<\/p>\n<p>&nbsp;<\/p>\n<p>No Pal\u00e1cio do Planalto, de superministro, Guedes passou a ser visto como um estorvo. Os c\u00e3es de guarda do presidente da Rep\u00fablica n\u00e3o perdoam o ministro por ter colado a pecha em Bolsonaro de que ele quer &#8220;ferrar&#8221; os trabalhadores e proteger os empres\u00e1rios. Guedes mandou sua equipe publicar uma Medida Provis\u00f3ria, de n\u00famero 927, na qual o artigo 18 previa a suspens\u00e3o dos contratos de trabalho e o n\u00e3o pagamento dos sal\u00e1rios por quatro meses.<\/p>\n<p>&nbsp;<\/p>\n<p>Para o grupo mais radical do Pal\u00e1cio, se a popularidade de Bolsonaro j\u00e1 estava desabando por causa de seus equ\u00edvocos na pol\u00edtica de combate ao coronav\u00edrus, agora, com a fat\u00eddica MP, a situa\u00e7\u00e3o ficou mais complicada do que nunca. Mesmo depois de mandar revogar o artigo 18 do documento, Bolsonaro continuou apanhando por todos os lados, inclusive de defensores contumazes do governo nas redes sociais.<\/p>\n<p>&nbsp;<\/p>\n<p>Os que defendem a sa\u00edda de Guedes do governo dizem que, se ele n\u00e3o foi capaz de levantar a economia antes da pandemia do novo coronav\u00edrus, n\u00e3o ser\u00e1 agora, com o mundo todo em recess\u00e3o, que conseguir\u00e1 fazer a diferen\u00e7a. Essas mesmas pessoas dizem que o presidente &#8220;perdeu o medo&#8221; de demitir Guedes, pois os agentes econ\u00f4micos que idolatravam o ministro reconhecem que ele perdeu o bonde e est\u00e1 muito insens\u00edvel \u00e0 gravidade da situa\u00e7\u00e3o econ\u00f4mica.<\/p>\n<p>&nbsp;<\/p>\n<p>&#8220;Guedes disse que, se ele sair do governo, o d\u00f3lar vai a R$ 7. At\u00e9 iria em outro momento. Agora, desprestigiado no governo e sem apoio no mercado, n\u00e3o far\u00e1 muita diferen\u00e7a&#8221;, diz uma pessoa pr\u00f3xima de Bolsonaro. Essa mesma fonte acrescenta que os nomes de Mansueto, Campos Neto e Pedro Guimar\u00e3es s\u00e3o bem-vistos entre os donos do dinheiro. Portanto, n\u00e3o haveria grande turbul\u00eancia se o &#8220;Posto Ipiranga&#8221; fosse tocar em outras bandas.<\/p>\n<p>&nbsp;<\/p>\n<p><i>Bras\u00edlia, 17h01min<\/i><\/p>\n","protected":false},"excerpt":{"rendered":"<p>Tr\u00eas nomes surgiram com for\u00e7a desde ontem na Esplanada dos Minist\u00e9rios para uma eventual demiss\u00e3o de Paulo Guedes do Minist\u00e9rio da Economia. O &#8220;Posto Ipiranga&#8221; j\u00e1 n\u00e3o faz mais a cabe\u00e7a do presidente Jair Bolsonaro e, sobretudo, dos filhos dele. Os nomes que est\u00e3o na lista de apostas s\u00e3o os do secret\u00e1rio do Tesouro Nacional, [&hellip;]<\/p>\n","protected":false},"author":22,"featured_media":11454,"comment_status":"open","ping_status":"closed","sticky":false,"template":"","format":"standard","meta":{"footnotes":""},"categories":[600],"tags":[2554,4535,4419,22,3616,2855,4536],"class_list":["post-13602","post","type-post","status-publish","format-standard","has-post-thumbnail","hentry","category-economia","tag-bolsonaro","tag-campos-neto","tag-coronavirus","tag-demissao","tag-guedes","tag-mansueto","tag-pedro-guimaraes"],"_links":{"self":[{"href":"https:\/\/blogs.correiobraziliense.com.br\/vicente\/wp-json\/wp\/v2\/posts\/13602","targetHints":{"allow":["GET"]}}],"collection":[{"href":"https:\/\/blogs.correiobraziliense.com.br\/vicente\/wp-json\/wp\/v2\/posts"}],"about":[{"href":"https:\/\/blogs.correiobraziliense.com.br\/vicente\/wp-json\/wp\/v2\/types\/post"}],"author":[{"embeddable":true,"href":"https:\/\/blogs.correiobraziliense.com.br\/vicente\/wp-json\/wp\/v2\/users\/22"}],"replies":[{"embeddable":true,"href":"https:\/\/blogs.correiobraziliense.com.br\/vicente\/wp-json\/wp\/v2\/comments?post=13602"}],"version-history":[{"count":1,"href":"https:\/\/blogs.correiobraziliense.com.br\/vicente\/wp-json\/wp\/v2\/posts\/13602\/revisions"}],"predecessor-version":[{"id":13603,"href":"https:\/\/blogs.correiobraziliense.com.br\/vicente\/wp-json\/wp\/v2\/posts\/13602\/revisions\/13603"}],"wp:featuredmedia":[{"embeddable":true,"href":"https:\/\/blogs.correiobraziliense.com.br\/vicente\/wp-json\/wp\/v2\/media\/11454"}],"wp:attachment":[{"href":"https:\/\/blogs.correiobraziliense.com.br\/vicente\/wp-json\/wp\/v2\/media?parent=13602"}],"wp:term":[{"taxonomy":"category","embeddable":true,"href":"https:\/\/blogs.correiobraziliense.com.br\/vicente\/wp-json\/wp\/v2\/categories?post=13602"},{"taxonomy":"post_tag","embeddable":true,"href":"https:\/\/blogs.correiobraziliense.com.br\/vicente\/wp-json\/wp\/v2\/tags?post=13602"}],"curies":[{"name":"wp","href":"https:\/\/api.w.org\/{rel}","templated":true}]}}