{"id":1360,"date":"2016-06-09T08:31:07","date_gmt":"2016-06-09T11:31:07","guid":{"rendered":"https:\/\/blogs.correiobraziliense.com.br\/vicente\/?p=1360"},"modified":"2016-06-09T09:08:48","modified_gmt":"2016-06-09T12:08:48","slug":"cobrado-pela-cvm-banco-do-brasil-nega-fusao-com-caixa","status":"publish","type":"post","link":"https:\/\/blogs.correiobraziliense.com.br\/vicente\/cobrado-pela-cvm-banco-do-brasil-nega-fusao-com-caixa\/","title":{"rendered":"Cobrado pela CVM, Banco do Brasil nega fus\u00e3o com a Caixa"},"content":{"rendered":"<p>Diante do reboli\u00e7o provocado pelas informa\u00e7\u00f5es de que poderia se fundir com a \u00a0Caixa Econ\u00f4mica Federal, o Banco do Brasil foi obrigado a publicar hoje um fato relevante ao mercado negando a opera\u00e7\u00e3o. Foi uma exig\u00eancia da Comiss\u00e3o de Valores Mobili\u00e1rios (CVM), \u00f3rg\u00e3o que regula e fiscaliza o mercado de capitais.<\/p>\n<p>&nbsp;<\/p>\n<p>No comunicado, o BB diz que &#8220;n\u00e3o h\u00e1 qualquer tratativa&#8221; sobre a fus\u00e3o. Afirmou ainda que &#8220;qualquer fato julgado relevante ser\u00e1 prontamente divulgado ao mercado&#8221;. Dentro do governo de Michel Temer circula a informa\u00e7\u00e3o de que a equipe econ\u00f4mica estaria estudando a uni\u00e3o dos neg\u00f3cios do BB com os da Caixa, que se dedicaria apenas ao financiamento de im\u00f3veis.<\/p>\n<p>&nbsp;<\/p>\n<p>Funcion\u00e1rios e parceiros de neg\u00f3cios da Caixa e do BB est\u00e3o em estado de alerta.<\/p>\n<p>&nbsp;<\/p>\n<p><i>Bras\u00edlia, 08h31min<\/i><\/p>\n<p>&nbsp;<\/p>\n","protected":false},"excerpt":{"rendered":"<p>Diante do reboli\u00e7o provocado pelas informa\u00e7\u00f5es de que poderia se fundir com a \u00a0Caixa Econ\u00f4mica Federal, o Banco do Brasil foi obrigado a publicar hoje um fato relevante ao mercado negando a opera\u00e7\u00e3o. Foi uma exig\u00eancia da Comiss\u00e3o de Valores Mobili\u00e1rios (CVM), \u00f3rg\u00e3o que regula e fiscaliza o mercado de capitais. &nbsp; No comunicado, o [&hellip;]<\/p>\n","protected":false},"author":22,"featured_media":0,"comment_status":"open","ping_status":"closed","sticky":false,"template":"","format":"standard","meta":{"footnotes":""},"categories":[1],"tags":[],"class_list":["post-1360","post","type-post","status-publish","format-standard","hentry","category-sem-categoria"],"_links":{"self":[{"href":"https:\/\/blogs.correiobraziliense.com.br\/vicente\/wp-json\/wp\/v2\/posts\/1360","targetHints":{"allow":["GET"]}}],"collection":[{"href":"https:\/\/blogs.correiobraziliense.com.br\/vicente\/wp-json\/wp\/v2\/posts"}],"about":[{"href":"https:\/\/blogs.correiobraziliense.com.br\/vicente\/wp-json\/wp\/v2\/types\/post"}],"author":[{"embeddable":true,"href":"https:\/\/blogs.correiobraziliense.com.br\/vicente\/wp-json\/wp\/v2\/users\/22"}],"replies":[{"embeddable":true,"href":"https:\/\/blogs.correiobraziliense.com.br\/vicente\/wp-json\/wp\/v2\/comments?post=1360"}],"version-history":[{"count":2,"href":"https:\/\/blogs.correiobraziliense.com.br\/vicente\/wp-json\/wp\/v2\/posts\/1360\/revisions"}],"predecessor-version":[{"id":1362,"href":"https:\/\/blogs.correiobraziliense.com.br\/vicente\/wp-json\/wp\/v2\/posts\/1360\/revisions\/1362"}],"wp:attachment":[{"href":"https:\/\/blogs.correiobraziliense.com.br\/vicente\/wp-json\/wp\/v2\/media?parent=1360"}],"wp:term":[{"taxonomy":"category","embeddable":true,"href":"https:\/\/blogs.correiobraziliense.com.br\/vicente\/wp-json\/wp\/v2\/categories?post=1360"},{"taxonomy":"post_tag","embeddable":true,"href":"https:\/\/blogs.correiobraziliense.com.br\/vicente\/wp-json\/wp\/v2\/tags?post=1360"}],"curies":[{"name":"wp","href":"https:\/\/api.w.org\/{rel}","templated":true}]}}