{"id":13574,"date":"2020-03-23T20:16:03","date_gmt":"2020-03-23T23:16:03","guid":{"rendered":"https:\/\/blogs.correiobraziliense.com.br\/vicente\/?p=13574"},"modified":"2020-03-23T21:09:40","modified_gmt":"2020-03-24T00:09:40","slug":"chama-o-meirelles-ecoa-pela-esplanada-diante-das-trapalhadas-de-guedes","status":"publish","type":"post","link":"https:\/\/blogs.correiobraziliense.com.br\/vicente\/chama-o-meirelles-ecoa-pela-esplanada-diante-das-trapalhadas-de-guedes\/","title":{"rendered":"&#8220;Chama o Meirelles&#8221; ecoa pela Esplanada diante das trapalhadas de Guedes"},"content":{"rendered":"<h2>A incapacidade do ministro da Economia, Paulo Guedes, de lidar com o momento t\u00e3o dram\u00e1tico vivido pelo Brasil e pelo mundo por causa da pandemia do novo coronav\u00edrus fez ecoar, pela Esplanada dos Minist\u00e9rios, o bord\u00e3o &#8220;Chama o Meirelles&#8221; usado pelo ent\u00e3o candidato \u00e0 Presid\u00eancia da Rep\u00fablica pelo MDB, Henrique Meirelles.<\/h2>\n<p>&nbsp;<\/p>\n<p>O saudosismo aumentou depois das trapalhadas de Guedes e da equipe dele envolvendo a Medida Provis\u00f3ria 927, que previa a suspens\u00e3o dos sal\u00e1rios de trabalhadores por quatro meses. A MP, que chegou a ser defendida inicialmente pelo presidente Jair Bolsonaro, provocou uma gritaria que nunca havia sido vista contra o governo.<\/p>\n<p>&nbsp;<\/p>\n<p>As rea\u00e7\u00f5es negativas vieram de todos os lados, da direita e da esquerda, de cr\u00edticos e de defensores contumazes de Jair Bolsonaro. O clima pesou tanto para o governo, que o presidente foi obrigado a revogar o artigo 18 da MP, que tratava da aberra\u00e7\u00e3o contra os trabalhadores.<\/p>\n<p>&nbsp;<\/p>\n<p><strong>Enfraquecido<\/strong><\/p>\n<p>&nbsp;<\/p>\n<p>Paulo Guedes, que nunca esteve t\u00e3o enfraquecido, tratou logo de dizer que tudo n\u00e3o passou de um equ\u00edvoco. Foi, segundo ele, um erro de reda\u00e7\u00e3o. O\u00a0objetivo da equipe econ\u00f4mica, acrescentou Guedes, era preservar os v\u00ednculos empregat\u00edcios, mas o texto acabou sendo publicado \u00e0s pressas, numa madrugada de domingo.<\/p>\n<p>&nbsp;<\/p>\n<p>A justificativa do ministro n\u00e3o convenceu a ala mais radical do governo, que cobra uma a\u00e7\u00e3o en\u00e9rgica de Bolsonaro para conter o estrago na imagem dele num momento em que sua popularidade desaba por n\u00e3o estar sabendo lidar com a pandemia do coronav\u00edrus.<\/p>\n<p>&nbsp;<\/p>\n<p>Para t\u00e9cnicos de alto gabarito da Esplanada, o momento \u00e9 t\u00e3o conturbado na economia, que seria bom ter uma pessoa como Meirelles sentado na cadeira ocupada por Guedes. Al\u00e9m de ser uma pessoa sensata, Meirelles \u00e9 conhecido e bem-quisto entre os agentes econ\u00f4micos e tem bom tr\u00e2nsito pol\u00edtico, o que falta ao atual ministro da Economia.<\/p>\n<p>&nbsp;<\/p>\n<p>Todos sabem que, se demitir Guedes, Bolsonaro jamais chamaria Meirelles, sobretudo por ele ser hoje secret\u00e1rio da Fazenda do governo de S\u00e3o Paulo. Bolsonaro n\u00e3o levaria para a sua equipe um subordinado ao &#8220;lun\u00e1tico&#8221; governador Jo\u00e3o D\u00f3ria.<\/p>\n<p>&nbsp;<\/p>\n<p>Uma eventual queda de Guedes j\u00e1 n\u00e3o assusta mais ningu\u00e9m. Entre as op\u00e7\u00f5es hoje \u00e0 disposi\u00e7\u00e3o de Bolsonaro, o nome mais forte \u00e9 o de Roberto Campos Neto, presidente do Banco Central. \u00c0 medida que a pandemia da Covid-19 avan\u00e7a, menor fica a estatura de Guedes.<\/p>\n<p>&nbsp;<\/p>\n<p><em>Bras\u00edlia, 20h16min<\/em><\/p>\n","protected":false},"excerpt":{"rendered":"<p>A incapacidade do ministro da Economia, Paulo Guedes, de lidar com o momento t\u00e3o dram\u00e1tico vivido pelo Brasil e pelo mundo por causa da pandemia do novo coronav\u00edrus fez ecoar, pela Esplanada dos Minist\u00e9rios, o bord\u00e3o &#8220;Chama o Meirelles&#8221; usado pelo ent\u00e3o candidato \u00e0 Presid\u00eancia da Rep\u00fablica pelo MDB, Henrique Meirelles. &nbsp; O saudosismo aumentou [&hellip;]<\/p>\n","protected":false},"author":22,"featured_media":13575,"comment_status":"open","ping_status":"closed","sticky":false,"template":"","format":"standard","meta":{"footnotes":""},"categories":[600],"tags":[4530,2554,4419,2432,1836,2382,3613,85,810],"class_list":["post-13574","post","type-post","status-publish","format-standard","has-post-thumbnail","hentry","category-economia","tag-4530","tag-bolsonaro","tag-coronavirus","tag-meirelles","tag-ministerio","tag-mp","tag-paulo-guedes","tag-salario","tag-trabalhadores"],"_links":{"self":[{"href":"https:\/\/blogs.correiobraziliense.com.br\/vicente\/wp-json\/wp\/v2\/posts\/13574","targetHints":{"allow":["GET"]}}],"collection":[{"href":"https:\/\/blogs.correiobraziliense.com.br\/vicente\/wp-json\/wp\/v2\/posts"}],"about":[{"href":"https:\/\/blogs.correiobraziliense.com.br\/vicente\/wp-json\/wp\/v2\/types\/post"}],"author":[{"embeddable":true,"href":"https:\/\/blogs.correiobraziliense.com.br\/vicente\/wp-json\/wp\/v2\/users\/22"}],"replies":[{"embeddable":true,"href":"https:\/\/blogs.correiobraziliense.com.br\/vicente\/wp-json\/wp\/v2\/comments?post=13574"}],"version-history":[{"count":1,"href":"https:\/\/blogs.correiobraziliense.com.br\/vicente\/wp-json\/wp\/v2\/posts\/13574\/revisions"}],"predecessor-version":[{"id":13576,"href":"https:\/\/blogs.correiobraziliense.com.br\/vicente\/wp-json\/wp\/v2\/posts\/13574\/revisions\/13576"}],"wp:featuredmedia":[{"embeddable":true,"href":"https:\/\/blogs.correiobraziliense.com.br\/vicente\/wp-json\/wp\/v2\/media\/13575"}],"wp:attachment":[{"href":"https:\/\/blogs.correiobraziliense.com.br\/vicente\/wp-json\/wp\/v2\/media?parent=13574"}],"wp:term":[{"taxonomy":"category","embeddable":true,"href":"https:\/\/blogs.correiobraziliense.com.br\/vicente\/wp-json\/wp\/v2\/categories?post=13574"},{"taxonomy":"post_tag","embeddable":true,"href":"https:\/\/blogs.correiobraziliense.com.br\/vicente\/wp-json\/wp\/v2\/tags?post=13574"}],"curies":[{"name":"wp","href":"https:\/\/api.w.org\/{rel}","templated":true}]}}