{"id":13556,"date":"2020-03-23T12:34:09","date_gmt":"2020-03-23T15:34:09","guid":{"rendered":"https:\/\/blogs.correiobraziliense.com.br\/vicente\/?p=13556"},"modified":"2020-03-23T13:16:35","modified_gmt":"2020-03-23T16:16:35","slug":"governo-estuda-suspender-divida-de-estados-por-seis-meses","status":"publish","type":"post","link":"https:\/\/blogs.correiobraziliense.com.br\/vicente\/governo-estuda-suspender-divida-de-estados-por-seis-meses\/","title":{"rendered":"Governo estuda suspender d\u00edvida de estados por seis meses"},"content":{"rendered":"<p>ROSANA HESSEL<\/p>\n<p>&nbsp;<\/p>\n<p>Diante da imin\u00eancia de perder na Justi\u00e7a v\u00e1rias a\u00e7\u00f5es referentes ao adiamento de d\u00edvidas pelos estados para Uni\u00e3o, a equipe econ\u00f4mica estuda a suspens\u00e3o do pagamento por seis meses em um pacote de medidas para socorrer os entes federativos no controle dos impactos da pandemia de Covid-19, provocada pelo novo coronav\u00edrus, que est\u00e1 sendo elaborado pelos t\u00e9cnicos.<\/p>\n<p>&nbsp;<\/p>\n<p>Entre as medidas em estudo est\u00e3o a suspens\u00e3o de d\u00edvidas com a Uni\u00e3o e com bancos p\u00fablicos por seis meses. Tamb\u00e9m dever\u00e1 ser inclu\u00edda no pacote a transfer\u00eancia de R$ 1 bilh\u00e3o ao Fundo de Sa\u00fade por m\u00eas aos estados junto com a libera\u00e7\u00e3o de R$ 11 bilh\u00f5es de recursos presos no Fundo de Sa\u00fade.\u00a0Outros R$ 2 bilh\u00f5es ser\u00e3o transferidos para o Fundo de Assist\u00eancia Social. Outras propostas que est\u00e3o sendo cogitadas por interlocutores do Minist\u00e9rio da Economia, como a libera\u00e7\u00e3o de R$ 10 bilh\u00f5es do Banco Nacional de Desenvolvimento Econ\u00f4mico e Social (BNDES) e a libera\u00e7\u00e3o do limite para novas opera\u00e7\u00f5es fast track e de securitiza\u00e7\u00e3o da d\u00edvida dos estados.<\/p>\n<p>&nbsp;<\/p>\n<p>No \u00faltimo domingo, o ministro do Supremo Tribunal Federal (STF) Alexandre de Moraes determinou, por meio de liminar, a suspens\u00e3o por 180 dias do pagamento das parcelas do refinanciamento da d\u00edvida do estado de S\u00e3o Paulo, que decretou quarentena a partir de amanh\u00e3. Com isso, o estado paulista deixar\u00e1 de pagar aos cofres da Uni\u00e3o R$ 1,2 bilh\u00e3o mensais nos pr\u00f3ximos seis meses.<\/p>\n<p>&nbsp;<\/p>\n<p>O ministro da Economia, Paulo Guedes, est\u00e1 realizando reuni\u00f5es com secret\u00e1rios por videoconfer\u00eancia, porque est\u00e1 despachando no Rio de Janeiro hoje. Segundo a assessoria de imprensas, ele fez o texto para a Covid-19 e deu negativo, mas a recomenda\u00e7\u00e3o m\u00e9dica foi que ele &#8220;despachasse por videoconfer\u00eancia&#8221;. A\u00a0expectativa era que o an\u00fancio do pacote ocorra ainda na tarde desta segunda-feira (23\/03), mas a assessoria informou que n\u00e3o h\u00e1 coletiva com o ministro programada para hoje.<\/p>\n<p>&nbsp;<\/p>\n<p>&nbsp;<\/p>\n","protected":false},"excerpt":{"rendered":"<p>ROSANA HESSEL &nbsp; Diante da imin\u00eancia de perder na Justi\u00e7a v\u00e1rias a\u00e7\u00f5es referentes ao adiamento de d\u00edvidas pelos estados para Uni\u00e3o, a equipe econ\u00f4mica estuda a suspens\u00e3o do pagamento por seis meses em um pacote de medidas para socorrer os entes federativos no controle dos impactos da pandemia de Covid-19, provocada pelo novo coronav\u00edrus, que [&hellip;]<\/p>\n","protected":false},"author":22,"featured_media":0,"comment_status":"open","ping_status":"closed","sticky":false,"template":"","format":"standard","meta":{"footnotes":""},"categories":[600],"tags":[4419,303,320,467,1084,762],"class_list":["post-13556","post","type-post","status-publish","format-standard","hentry","category-economia","tag-coronavirus","tag-divida","tag-estados","tag-governo","tag-suspensao","tag-uniao"],"_links":{"self":[{"href":"https:\/\/blogs.correiobraziliense.com.br\/vicente\/wp-json\/wp\/v2\/posts\/13556","targetHints":{"allow":["GET"]}}],"collection":[{"href":"https:\/\/blogs.correiobraziliense.com.br\/vicente\/wp-json\/wp\/v2\/posts"}],"about":[{"href":"https:\/\/blogs.correiobraziliense.com.br\/vicente\/wp-json\/wp\/v2\/types\/post"}],"author":[{"embeddable":true,"href":"https:\/\/blogs.correiobraziliense.com.br\/vicente\/wp-json\/wp\/v2\/users\/22"}],"replies":[{"embeddable":true,"href":"https:\/\/blogs.correiobraziliense.com.br\/vicente\/wp-json\/wp\/v2\/comments?post=13556"}],"version-history":[{"count":13,"href":"https:\/\/blogs.correiobraziliense.com.br\/vicente\/wp-json\/wp\/v2\/posts\/13556\/revisions"}],"predecessor-version":[{"id":13571,"href":"https:\/\/blogs.correiobraziliense.com.br\/vicente\/wp-json\/wp\/v2\/posts\/13556\/revisions\/13571"}],"wp:attachment":[{"href":"https:\/\/blogs.correiobraziliense.com.br\/vicente\/wp-json\/wp\/v2\/media?parent=13556"}],"wp:term":[{"taxonomy":"category","embeddable":true,"href":"https:\/\/blogs.correiobraziliense.com.br\/vicente\/wp-json\/wp\/v2\/categories?post=13556"},{"taxonomy":"post_tag","embeddable":true,"href":"https:\/\/blogs.correiobraziliense.com.br\/vicente\/wp-json\/wp\/v2\/tags?post=13556"}],"curies":[{"name":"wp","href":"https:\/\/api.w.org\/{rel}","templated":true}]}}