{"id":13540,"date":"2020-03-23T08:58:13","date_gmt":"2020-03-23T11:58:13","guid":{"rendered":"https:\/\/blogs.correiobraziliense.com.br\/vicente\/?p=13540"},"modified":"2020-03-23T09:21:26","modified_gmt":"2020-03-23T12:21:26","slug":"bc-reduz-compulsorio-para-injetar-mais-r-68-bilhoes-no-mercado","status":"publish","type":"post","link":"https:\/\/blogs.correiobraziliense.com.br\/vicente\/bc-reduz-compulsorio-para-injetar-mais-r-68-bilhoes-no-mercado\/","title":{"rendered":"BC reduz compuls\u00f3rio para injetar mais R$ 68 bilh\u00f5es no mercado"},"content":{"rendered":"<h2><span style=\"font-weight: 400\">ROSANA HESSEL<\/span><\/h2>\n<h2><\/h2>\n<h2><span style=\"font-weight: 400\">O Banco Central decidiu reduzir a al\u00edquota do compuls\u00f3rio sobre recursos a prazo de 25% para 17%, injetando mais R$ 68 bilh\u00f5es no mercado financeiro a partir de 30 de mar\u00e7o.\u00a0 O BC tamb\u00e9m facilitou empr\u00e9stimos com garantias de deb\u00eantures criando uma linha tempor\u00e1ria para dar mais liquidez no mercado de d\u00edvida corporativa.<\/span><\/h2>\n<h2><\/h2>\n<p><span style=\"font-weight: 400\">De acordo com autoridade monet\u00e1ria, a decis\u00e3o \u00e9 tempor\u00e1ria e tem como objetivo aumentar a liquidez do Sistema Financeiro Nacional. A medida, segundo a nota do \u00f3rg\u00e3o, f<\/span><span style=\"font-weight: 400\">az parte do conjunto de a\u00e7\u00f5es adotadas pelo BC para minimizar os efeitos de\u00a0 Covid-19, provocada pelo novo coronav\u00edrus,\u00a0 sobre a economia brasileira.<\/span><\/p>\n<p>&nbsp;<\/p>\n<p><span style=\"font-weight: 400\">A expectativa do BC \u00e9 que, em 14 de dezembro, caso a economia tenha atravessado a pandemia do Covid-19, a al\u00edquota do compuls\u00f3rio sobre recursos a prazo ser\u00e1 recomposta ao patamar anterior de 25%.<\/span><\/p>\n<p>&nbsp;<\/p>\n<p>Em fevereiro, o BC tinha reduzido de 31% para 25% a al\u00edquota do compuls\u00f3rio para os dep\u00f3sitos a prazo, o que implicou em uma libera\u00e7\u00e3o de R$ 135 bilh\u00f5es no mercado de cr\u00e9dito.<\/p>\n<p>&nbsp;<\/p>\n<p>O presidente do Banco Central, Roberto Campos Neto, conceder\u00e1 uma entrevista coletiva para explicar as novas medidas.<\/p>\n<p>&nbsp;<\/p>\n<p><strong>Empr\u00e9stimos<\/strong><\/p>\n<p>&nbsp;<\/p>\n<p><span style=\"font-weight: 400\">O BC tamb\u00e9m divulgou nota informando que o Conselho Monet\u00e1rio Nacional (CMN) autorizou a autoridade monet\u00e1ria\u00a0 a conceder empr\u00e9stimos a institui\u00e7\u00f5es financeiras garantidos em deb\u00eantures adquiridas entre 23 de mar\u00e7o e 30 de abril de 2020. Trata-se de uma Linha Tempor\u00e1ria Especial de Liquidez (LTEL).<\/span><\/p>\n<p>&nbsp;<\/p>\n<p><span style=\"font-weight: 400\">&#8220;O objetivo da linha \u00e9 prover liquidez ao mercado secund\u00e1rio de d\u00edvida corporativa, fortemente afetado pela recente turbul\u00eancia verificada nos mercados financeiros internacional e nacional, fruto dos reflexos da propaga\u00e7\u00e3o do coronav\u00edrus&#8221;, informou a nota.<\/span><\/p>\n<p>&nbsp;<\/p>\n<p><span style=\"font-weight: 400\">Al\u00e9m das deb\u00eantures, o BC manter\u00e1, como garantia adicional, os recolhimentos compuls\u00f3rios do banco no mesmo montante da opera\u00e7\u00e3o, informou o comunicado.<\/span><\/p>\n<p>&nbsp;<\/p>\n<p>&nbsp;<\/p>\n<p><strong>Ata do Copom<\/strong><\/p>\n<p>&nbsp;<\/p>\n<p>As medidas foram anunciadas poucos minutos ap\u00f3s a divulga\u00e7\u00e3o da ata do Comit\u00ea de Pol\u00edtica Monet\u00e1ria (Copom), que deixou aberta a possibilidade de novos cortes na taxa b\u00e1sica de juros (Selic). Na reuni\u00e3o da semana passada, o comit\u00ea reduziu Selic de 4,25% para 3,75% ao ano, o menor patamar da hist\u00f3ria. Na ata, o colegiado informou que chegou a considerar um corte maior, mas conclu\u00edram que os efeitos sobre a demanda seriam limitados.<\/p>\n<p>&nbsp;<\/p>\n<p>No documento do BC refor\u00e7ou o que &#8220;continuar\u00e1 fazendo uso de todo o seu arsenal de medidas de pol\u00edticas monet\u00e1ria, cambial e de estabilidade financeira no enfrentamento da crise atual&#8221;.<\/p>\n","protected":false},"excerpt":{"rendered":"<p>ROSANA HESSEL O Banco Central decidiu reduzir a al\u00edquota do compuls\u00f3rio sobre recursos a prazo de 25% para 17%, injetando mais R$ 68 bilh\u00f5es no mercado financeiro a partir de 30 de mar\u00e7o.\u00a0 O BC tamb\u00e9m facilitou empr\u00e9stimos com garantias de deb\u00eantures criando uma linha tempor\u00e1ria para dar mais liquidez no mercado de d\u00edvida corporativa. [&hellip;]<\/p>\n","protected":false},"author":22,"featured_media":0,"comment_status":"open","ping_status":"closed","sticky":false,"template":"","format":"standard","meta":{"footnotes":""},"categories":[600],"tags":[3,2159,4528,4419],"class_list":["post-13540","post","type-post","status-publish","format-standard","hentry","category-economia","tag-banco-central","tag-cmn","tag-compulsorio","tag-coronavirus"],"_links":{"self":[{"href":"https:\/\/blogs.correiobraziliense.com.br\/vicente\/wp-json\/wp\/v2\/posts\/13540","targetHints":{"allow":["GET"]}}],"collection":[{"href":"https:\/\/blogs.correiobraziliense.com.br\/vicente\/wp-json\/wp\/v2\/posts"}],"about":[{"href":"https:\/\/blogs.correiobraziliense.com.br\/vicente\/wp-json\/wp\/v2\/types\/post"}],"author":[{"embeddable":true,"href":"https:\/\/blogs.correiobraziliense.com.br\/vicente\/wp-json\/wp\/v2\/users\/22"}],"replies":[{"embeddable":true,"href":"https:\/\/blogs.correiobraziliense.com.br\/vicente\/wp-json\/wp\/v2\/comments?post=13540"}],"version-history":[{"count":4,"href":"https:\/\/blogs.correiobraziliense.com.br\/vicente\/wp-json\/wp\/v2\/posts\/13540\/revisions"}],"predecessor-version":[{"id":13544,"href":"https:\/\/blogs.correiobraziliense.com.br\/vicente\/wp-json\/wp\/v2\/posts\/13540\/revisions\/13544"}],"wp:attachment":[{"href":"https:\/\/blogs.correiobraziliense.com.br\/vicente\/wp-json\/wp\/v2\/media?parent=13540"}],"wp:term":[{"taxonomy":"category","embeddable":true,"href":"https:\/\/blogs.correiobraziliense.com.br\/vicente\/wp-json\/wp\/v2\/categories?post=13540"},{"taxonomy":"post_tag","embeddable":true,"href":"https:\/\/blogs.correiobraziliense.com.br\/vicente\/wp-json\/wp\/v2\/tags?post=13540"}],"curies":[{"name":"wp","href":"https:\/\/api.w.org\/{rel}","templated":true}]}}