{"id":13524,"date":"2020-03-22T14:25:09","date_gmt":"2020-03-22T17:25:09","guid":{"rendered":"https:\/\/blogs.correiobraziliense.com.br\/vicente\/?p=13524"},"modified":"2020-03-22T14:58:55","modified_gmt":"2020-03-22T17:58:55","slug":"pirenopolis-proibe-entrada-de-turistas-para-evitar-contagio-pelo-coronavirus","status":"publish","type":"post","link":"https:\/\/blogs.correiobraziliense.com.br\/vicente\/pirenopolis-proibe-entrada-de-turistas-para-evitar-contagio-pelo-coronavirus\/","title":{"rendered":"Piren\u00f3polis pro\u00edbe a entrada de turistas para evitar cont\u00e1gio pelo coronav\u00edrus"},"content":{"rendered":"<p>A Prefeitura de <strong>Piren\u00f3polis<\/strong>, cidade do interior de <strong>Goi\u00e1s<\/strong> e um dos principais <strong>destinos tur\u00edsticos dos brasilienses<\/strong>, tomou uma atitude radical: fechou a entrada para visitantes. Tudo para evitar a contamina\u00e7\u00e3o pelo coronav\u00edrus.<\/p>\n<p>Segundo o <a href=\"https:\/\/www.pirenopolis.go.gov.br\/decretos\">Decreto 3.424\/ 2020<\/a>, assinado pelo prefeito <strong>Jo\u00e3o batista Cabral<\/strong>, ningu\u00e9m de fora poder\u00e1 entrar na cidade. Somente moradores poder\u00e3o circular pelo munic\u00edpio, mesmo assim, com restri\u00e7\u00f5es.<\/p>\n<p>O alvo principal, segundo o prefeito, s\u00e3o os <strong>moradores de Bras\u00edlia, An\u00e1polis e Goi\u00e2nia<\/strong>, onde os<strong> casos da Covid-19<\/strong> n\u00e3o param de crescer. No Distrito Federal, <a href=\"https:\/\/blogs.correiobraziliense.com.br\/cbpoder\/coronavirus-balanco-do-gdf-aponta-117-casos\/\">s\u00e3o mais de 100 os casos confirmado de contamina\u00e7\u00e3o pelo novo coronav\u00edrus<\/a>.<\/p>\n<p>Por meio de uma rede social, a Prefeitura diz que tomou tal medida, &#8220;em preocupa\u00e7\u00e3o absoluta com a sa\u00fade dos pirenopolinos, pois a pandemia por onde tem passado, tem deixado muitos doentes, o que preocupa muito nosso munic\u00edpio&#8221;.<\/p>\n<p>Destaca ainda que &#8220;s\u00f3 entrar\u00e3o em Piren\u00f3polis moradores portando documentos como tal\u00e3o de \u00e1gua, energia, registro do im\u00f3vel ou carn\u00ea do IPTU, como consta no decreto publicado. Tomamos tais medidas para guardar e proteger a vida dos pirenopolinos, e que este surto possa passar o mais r\u00e1pido poss\u00edvel, justamente evitando contato com poss\u00edveis infectados&#8221;.<\/p>\n<p><a href=\"https:\/\/www.facebook.com\/PrefeituraDePirenopolis\/videos\/1376735512530531\/?__xts__%5B0%5D=68.ARDNxghqCvd_UQ4aUjxaZSd3Ktah6xEUomYE3nEJMCuBt6BsILYbBCq8eJ147gAxaNJNJehuK8aF9ZPaaKZAeqvPNbB27_UgwkvD0LNzhU8Z-uazAXaoq-ZekqJ3pwS93DeTeg98FZkAExUNIx2ScD-_6NbcY5_8Avh5znIUdZPLZgYaRGkC5ISFOx49xlwM7sOeDTRUU4aZZAb9Ugdwca36M0S8Od-VeA1JbqCji3kxLKU2TM-mP3RD1z-KOTmxVN7MZP6nQvFDVw4Z9i-ySKCM_v-7XLMDbV2e5VVxgORsOTLLa-NafVwOQiH2epa14EHIOUZra_mBLNINu71V_qtn4DgdpKtDZxQfDw&#038;__tn__=-R\">https:\/\/www.facebook.com\/PrefeituraDePirenopolis\/videos\/1376735512530531\/?__xts__%5B0%5D=68.ARDNxghqCvd_UQ4aUjxaZSd3Ktah6xEUomYE3nEJMCuBt6BsILYbBCq8eJ147gAxaNJNJehuK8aF9ZPaaKZAeqvPNbB27_UgwkvD0LNzhU8Z-uazAXaoq-ZekqJ3pwS93DeTeg98FZkAExUNIx2ScD-_6NbcY5_8Avh5znIUdZPLZgYaRGkC5ISFOx49xlwM7sOeDTRUU4aZZAb9Ugdwca36M0S8Od-VeA1JbqCji3kxLKU2TM-mP3RD1z-KOTmxVN7MZP6nQvFDVw4Z9i-ySKCM_v-7XLMDbV2e5VVxgORsOTLLa-NafVwOQiH2epa14EHIOUZra_mBLNINu71V_qtn4DgdpKtDZxQfDw&amp;__tn__=-R<\/a><\/p>\n<p><em>Bras\u00edlia, 15h25min<\/em><\/p>\n","protected":false},"excerpt":{"rendered":"<p>A Prefeitura de Piren\u00f3polis, cidade do interior de Goi\u00e1s e um dos principais destinos tur\u00edsticos dos brasilienses, tomou uma atitude radical: fechou a entrada para visitantes. Tudo para evitar a contamina\u00e7\u00e3o pelo coronav\u00edrus. Segundo o Decreto 3.424\/ 2020, assinado pelo prefeito Jo\u00e3o batista Cabral, ningu\u00e9m de fora poder\u00e1 entrar na cidade. Somente moradores poder\u00e3o circular [&hellip;]<\/p>\n","protected":false},"author":22,"featured_media":13529,"comment_status":"open","ping_status":"closed","sticky":false,"template":"","format":"standard","meta":{"footnotes":""},"categories":[600],"tags":[],"class_list":["post-13524","post","type-post","status-publish","format-standard","has-post-thumbnail","hentry","category-economia"],"_links":{"self":[{"href":"https:\/\/blogs.correiobraziliense.com.br\/vicente\/wp-json\/wp\/v2\/posts\/13524","targetHints":{"allow":["GET"]}}],"collection":[{"href":"https:\/\/blogs.correiobraziliense.com.br\/vicente\/wp-json\/wp\/v2\/posts"}],"about":[{"href":"https:\/\/blogs.correiobraziliense.com.br\/vicente\/wp-json\/wp\/v2\/types\/post"}],"author":[{"embeddable":true,"href":"https:\/\/blogs.correiobraziliense.com.br\/vicente\/wp-json\/wp\/v2\/users\/22"}],"replies":[{"embeddable":true,"href":"https:\/\/blogs.correiobraziliense.com.br\/vicente\/wp-json\/wp\/v2\/comments?post=13524"}],"version-history":[{"count":5,"href":"https:\/\/blogs.correiobraziliense.com.br\/vicente\/wp-json\/wp\/v2\/posts\/13524\/revisions"}],"predecessor-version":[{"id":13528,"href":"https:\/\/blogs.correiobraziliense.com.br\/vicente\/wp-json\/wp\/v2\/posts\/13524\/revisions\/13528"}],"wp:featuredmedia":[{"embeddable":true,"href":"https:\/\/blogs.correiobraziliense.com.br\/vicente\/wp-json\/wp\/v2\/media\/13529"}],"wp:attachment":[{"href":"https:\/\/blogs.correiobraziliense.com.br\/vicente\/wp-json\/wp\/v2\/media?parent=13524"}],"wp:term":[{"taxonomy":"category","embeddable":true,"href":"https:\/\/blogs.correiobraziliense.com.br\/vicente\/wp-json\/wp\/v2\/categories?post=13524"},{"taxonomy":"post_tag","embeddable":true,"href":"https:\/\/blogs.correiobraziliense.com.br\/vicente\/wp-json\/wp\/v2\/tags?post=13524"}],"curies":[{"name":"wp","href":"https:\/\/api.w.org\/{rel}","templated":true}]}}