{"id":13520,"date":"2020-03-21T23:03:13","date_gmt":"2020-03-22T02:03:13","guid":{"rendered":"https:\/\/blogs.correiobraziliense.com.br\/vicente\/?p=13520"},"modified":"2020-03-21T23:50:12","modified_gmt":"2020-03-22T02:50:12","slug":"colapso-provocado-pelo-coronavirus-pode-levar-total-de-desempregados-a-20-milhoes","status":"publish","type":"post","link":"https:\/\/blogs.correiobraziliense.com.br\/vicente\/colapso-provocado-pelo-coronavirus-pode-levar-total-de-desempregados-a-20-milhoes\/","title":{"rendered":"Colapso provocado pelo coronav\u00edrus pode levar total de desempregados a 20 milh\u00f5es"},"content":{"rendered":"<h2>Especialistas mais pessimistas afirmam que, a depender da dura\u00e7\u00e3o da pandemia do novo coronav\u00edrus, o Brasil poder\u00e1 contabilizar mais 8 milh\u00f5es de desempregados, elevando o total a 20 milh\u00f5es, um caos para a economia.<\/h2>\n<p>&nbsp;<\/p>\n<p>Essa proje\u00e7\u00e3o dram\u00e1tica leva em conta estimativas feitas por entidades ligadas ao com\u00e9rcio, que preveem demiss\u00e3o de at\u00e9 5 milh\u00f5es de pessoas no setor, devido ao fechamento de bares, restaurantes e hot\u00e9is, entre outros tipos de neg\u00f3cios.<\/p>\n<p>&nbsp;<\/p>\n<p>Outros 3 milh\u00f5es devem vir dos demais setores afetados pela crise, sendo parte da ind\u00fastria, que costuma segurar muito as demiss\u00f5es pelo alto custo das dispensas e pelo risco de perder profissionais mais capacitados.<\/p>\n<p>&nbsp;<\/p>\n<p>Pelos c\u00e1lculos do Instituto Brasileiro de Geografia e Estat\u00edsticas (IBGE), o Brasil conta hoje com quase 12 milh\u00f5es de desempregados. Cerca de 38 milh\u00f5es de pessoas est\u00e3o na informalidade.<\/p>\n<p>&nbsp;<\/p>\n<p>\u00c9 um quadro assustador, pois explicita a fragilidade do pa\u00eds ante a chegada de um inimigo invis\u00edvel, cujo potencial de estrago ningu\u00e9m consegue medir com efetivo grau de seguran\u00e7a.<\/p>\n<p>&nbsp;<\/p>\n<p><strong>PIB cair\u00e1 10% no segundo trimestre<\/strong><\/p>\n<p>&nbsp;<\/p>\n<p>O certo, segundo economistas, \u00e9 que o Brasil, como o resto do mundo, contratou uma brutal recess\u00e3o. H\u00e1 bancos prevendo que, somente entre abril e junho \u2014 per\u00edodo mais dram\u00e1tico da Covid-19, na vis\u00e3o do Minist\u00e9rio da Sa\u00fade \u2014, o Produto Interno Bruto (PIB) cair\u00e1 pelo menos 10%, tamanha a paralisia da atividade.<\/p>\n<p>&nbsp;<\/p>\n<p>No pior momento do mercado de trabalho, entre 2016 e 2017, o Brasil chegou a contabilizar mais de 14 milh\u00f5es de desempregados. \u00c0 medida que o pa\u00eds foi saindo da recess\u00e3o, esse contingente foi diminuindo, mas muito lentamente.<\/p>\n<p>&nbsp;<\/p>\n<p>O problema \u00e9 que, at\u00e9 a chegada do novo coronav\u00edrus, o PIB vinha crescendo por volta de 1% ao ano. \u00c9 muito pouco para as necessidades do pa\u00eds, que v\u00ea as desigualdades sociais se acentuarem.<\/p>\n<p>&nbsp;<\/p>\n<p><strong>Depress\u00e3o econ\u00f4mica<\/strong><\/p>\n<p>&nbsp;<\/p>\n<p>O tombo do PIB neste ano \u2014 pelas proje\u00e7\u00f5es da economista Monica de Bolle, professora da Johns Hopkins University, nos Estados Unidos, pode variar entre 5% e 6% \u2014 ser\u00e1 um sinal claro de que o Brasil mergulhou na depress\u00e3o econ\u00f4mica.<\/p>\n<p>&nbsp;<\/p>\n<p>Desde 2014, o Brasil vem se debatendo para sair do atoleiro. Mergulhou numa severa recess\u00e3o entre 2015 e 2016, voltou a crescer, mas muito pouco, entre 2017 e 2019, e, agora, est\u00e1 sendo atropelado pelo coronav\u00edrus.<\/p>\n<p>&nbsp;<\/p>\n<p>Dependendo do tamanho da queda do PIB neste ano e do desemprego, a recupera\u00e7\u00e3o ser\u00e1 muito lenta, comprometendo 2021 e 2022, pois uma das principais alavancas do PIB, o consumo das fam\u00edlias, estar\u00e1 prejudicado.<\/p>\n<p>&nbsp;<\/p>\n<p>N\u00e3o por acaso, especialistas afirmam que o governo precisa ter foco. Se n\u00e3o correr contra o tempo, adotando medidas efetivas, sem politicagem, ver\u00e1 o pior quadro projetado para a economia se confirmar. Certamente, n\u00e3o \u00e9 o que ningu\u00e9m deseja em s\u00e3 consci\u00eancia.<\/p>\n<p>&nbsp;<\/p>\n<p><em>Bras\u00edlia, 23h03min<\/em><\/p>\n","protected":false},"excerpt":{"rendered":"<p>Especialistas mais pessimistas afirmam que, a depender da dura\u00e7\u00e3o da pandemia do novo coronav\u00edrus, o Brasil poder\u00e1 contabilizar mais 8 milh\u00f5es de desempregados, elevando o total a 20 milh\u00f5es, um caos para a economia. &nbsp; Essa proje\u00e7\u00e3o dram\u00e1tica leva em conta estimativas feitas por entidades ligadas ao com\u00e9rcio, que preveem demiss\u00e3o de at\u00e9 5 milh\u00f5es [&hellip;]<\/p>\n","protected":false},"author":22,"featured_media":10346,"comment_status":"open","ping_status":"closed","sticky":false,"template":"","format":"standard","meta":{"footnotes":""},"categories":[600],"tags":[4419,412,59,3940,589,4510,31],"class_list":["post-13520","post","type-post","status-publish","format-standard","has-post-thumbnail","hentry","category-economia","tag-coronavirus","tag-demissoes","tag-depressao","tag-desempregados","tag-economia","tag-pandemia","tag-recessao"],"_links":{"self":[{"href":"https:\/\/blogs.correiobraziliense.com.br\/vicente\/wp-json\/wp\/v2\/posts\/13520","targetHints":{"allow":["GET"]}}],"collection":[{"href":"https:\/\/blogs.correiobraziliense.com.br\/vicente\/wp-json\/wp\/v2\/posts"}],"about":[{"href":"https:\/\/blogs.correiobraziliense.com.br\/vicente\/wp-json\/wp\/v2\/types\/post"}],"author":[{"embeddable":true,"href":"https:\/\/blogs.correiobraziliense.com.br\/vicente\/wp-json\/wp\/v2\/users\/22"}],"replies":[{"embeddable":true,"href":"https:\/\/blogs.correiobraziliense.com.br\/vicente\/wp-json\/wp\/v2\/comments?post=13520"}],"version-history":[{"count":1,"href":"https:\/\/blogs.correiobraziliense.com.br\/vicente\/wp-json\/wp\/v2\/posts\/13520\/revisions"}],"predecessor-version":[{"id":13521,"href":"https:\/\/blogs.correiobraziliense.com.br\/vicente\/wp-json\/wp\/v2\/posts\/13520\/revisions\/13521"}],"wp:featuredmedia":[{"embeddable":true,"href":"https:\/\/blogs.correiobraziliense.com.br\/vicente\/wp-json\/wp\/v2\/media\/10346"}],"wp:attachment":[{"href":"https:\/\/blogs.correiobraziliense.com.br\/vicente\/wp-json\/wp\/v2\/media?parent=13520"}],"wp:term":[{"taxonomy":"category","embeddable":true,"href":"https:\/\/blogs.correiobraziliense.com.br\/vicente\/wp-json\/wp\/v2\/categories?post=13520"},{"taxonomy":"post_tag","embeddable":true,"href":"https:\/\/blogs.correiobraziliense.com.br\/vicente\/wp-json\/wp\/v2\/tags?post=13520"}],"curies":[{"name":"wp","href":"https:\/\/api.w.org\/{rel}","templated":true}]}}