{"id":13515,"date":"2020-03-21T17:13:52","date_gmt":"2020-03-21T20:13:52","guid":{"rendered":"https:\/\/blogs.correiobraziliense.com.br\/vicente\/?p=13515"},"modified":"2020-03-21T17:13:52","modified_gmt":"2020-03-21T20:13:52","slug":"ocde-defende-acoes-coordenadas-globais-similares-a-um-plano-marshall","status":"publish","type":"post","link":"https:\/\/blogs.correiobraziliense.com.br\/vicente\/ocde-defende-acoes-coordenadas-globais-similares-a-um-plano-marshall\/","title":{"rendered":"OCDE defende a\u00e7\u00f5es coordenadas globais similares a um Plano Marshall"},"content":{"rendered":"<h2>ROSANA HESSEL<\/h2>\n<h2><\/h2>\n<h2><span style=\"font-weight: 400\">O secret\u00e1rio-geral da Organiza\u00e7\u00e3o para Coopera\u00e7\u00e3o e Desenvolvimento Econ\u00f4mico (OCDE), Angel Gurr\u00eda, fez um apelo para os governantes agirem rapidamente e de forma coordenada para conter os efeitos da pandemia da Covid-19, provocada pelo novo coronav\u00edrus, e, assim, evitar uma recess\u00e3o global prolongada.\u00a0<\/span><\/h2>\n<h2><\/h2>\n<h2><span style=\"font-weight: 400\">Em artigo publicado na p\u00e1gina da entidade, Gurr\u00eda classificou acrise como \u201ccircunst\u00e2ncias inesperadas e desafiadoras&#8221;, e pediu\u00a0<\/span><span style=\"font-weight: 400\">respostas r\u00e1pidas e coordenadas nos n\u00edveis ao do Plano Marshall, realizado ap\u00f3s a Segunda Guerra Mundial para a reconstru\u00e7\u00e3o da Europa.\u00a0<\/span><\/h2>\n<p>&nbsp;<\/p>\n<p><span style=\"font-weight: 400\">\u201cPrecisamos de um n\u00edvel de ambi\u00e7\u00e3o semelhante ao do Plano Marshall, que criou a OCDE, e uma vis\u00e3o semelhante \u00e0 do New Deal, mas agora em n\u00edvel global\u201d, destacou o secret\u00e1rio-geral. O New Deal foi o programa de reestrutura\u00e7\u00e3o dos Estados Unidos coordenado pelo ent\u00e3o presidente Franklin Roosevel ap\u00f3s a Grande Depress\u00e3o de 1930.\u00a0<\/span><\/p>\n<p>&nbsp;<\/p>\n<p><span style=\"font-weight: 400\">Gurr\u00eda refor\u00e7a no texto que <\/span><span style=\"font-weight: 400\">a pandemia \u00e9 severa e que a crise de sa\u00fade n\u00e3o tem precedentes, testando a capacidade de resposta para conter a intensidade dos choques econ\u00f4mico, financeiro e social. Segundo ele, <\/span><span style=\"font-weight: 400\">a OCDE vai canalizar seus esfor\u00e7os no apoio imediato aos formuladores de pol\u00edticas que combatem a crise, lan\u00e7ando imediatamente um novo centro de pol\u00edticas online. <\/span><span style=\"font-weight: 400\">\u201cA pandemia de coronav\u00edrus \u00e9 uma crise de sa\u00fade p\u00fablica sem precedentes na mem\u00f3ria viva e tamb\u00e9m est\u00e1 desencadeando uma grande crise econ\u00f4mica\u201d, afirmou.<\/span><\/p>\n<p>&nbsp;<\/p>\n<p><span style=\"font-weight: 400\">De acordo com secret\u00e1rio, somente um esfor\u00e7o consider\u00e1vel, cred\u00edvel e coordenado internacionalmente pode lidar com a emerg\u00eancia imediata de sa\u00fade p\u00fablica, amortecer o choque econ\u00f4mico e desenvolver um caminho para a recupera\u00e7\u00e3o.\u201d Devemos tomar cuidados especiais para apoiar os mais vulner\u00e1veis \u200b\u200bem sua sa\u00fade e em sua vida cotidiana. Tudo deve ser feito para ganhar a confian\u00e7a dos cidad\u00e3os, que sentiram as fraquezas em nossas economias antes de tudo isso come\u00e7ar\u201d, escreveu.<\/span><\/p>\n<p>&nbsp;<\/p>\n<p>Entre as medidas sugeridas por Gurr\u00eda, destacam-se os cuidados com a sa\u00fade, com testes extensivos e tratamento para todos os pacientes, independentemente de eles estarem segurados ou n\u00e3o; o apoio aos profissionais de sa\u00fade, recrutamento dos aposentados, protegendo os grupos de alto risco e o fornecimento de m\u00e1scaras, UTIs e respiradores.\u00a0 &#8220;Tudo deve ser feito para restaurar a confian\u00e7a. Embora a chave para isso seja controlar o surto de v\u00edrus, tamb\u00e9m ajudaria a resolver os fatores que estavam minando a confian\u00e7a, mesmo antes da Covid-19 aparecer em cena, inclusive removendo as restri\u00e7\u00f5es comerciais&#8221;, escreveu.<\/p>\n","protected":false},"excerpt":{"rendered":"<p>ROSANA HESSEL O secret\u00e1rio-geral da Organiza\u00e7\u00e3o para Coopera\u00e7\u00e3o e Desenvolvimento Econ\u00f4mico (OCDE), Angel Gurr\u00eda, fez um apelo para os governantes agirem rapidamente e de forma coordenada para conter os efeitos da pandemia da Covid-19, provocada pelo novo coronav\u00edrus, e, assim, evitar uma recess\u00e3o global prolongada.\u00a0 Em artigo publicado na p\u00e1gina da entidade, Gurr\u00eda classificou acrise [&hellip;]<\/p>\n","protected":false},"author":22,"featured_media":0,"comment_status":"open","ping_status":"closed","sticky":false,"template":"","format":"standard","meta":{"footnotes":""},"categories":[600],"tags":[4523,4419,2240,4510,58,4524],"class_list":["post-13515","post","type-post","status-publish","format-standard","hentry","category-economia","tag-angel-gurria","tag-coronavirus","tag-ocde","tag-pandemia","tag-pib","tag-plano-marshall"],"_links":{"self":[{"href":"https:\/\/blogs.correiobraziliense.com.br\/vicente\/wp-json\/wp\/v2\/posts\/13515","targetHints":{"allow":["GET"]}}],"collection":[{"href":"https:\/\/blogs.correiobraziliense.com.br\/vicente\/wp-json\/wp\/v2\/posts"}],"about":[{"href":"https:\/\/blogs.correiobraziliense.com.br\/vicente\/wp-json\/wp\/v2\/types\/post"}],"author":[{"embeddable":true,"href":"https:\/\/blogs.correiobraziliense.com.br\/vicente\/wp-json\/wp\/v2\/users\/22"}],"replies":[{"embeddable":true,"href":"https:\/\/blogs.correiobraziliense.com.br\/vicente\/wp-json\/wp\/v2\/comments?post=13515"}],"version-history":[{"count":4,"href":"https:\/\/blogs.correiobraziliense.com.br\/vicente\/wp-json\/wp\/v2\/posts\/13515\/revisions"}],"predecessor-version":[{"id":13519,"href":"https:\/\/blogs.correiobraziliense.com.br\/vicente\/wp-json\/wp\/v2\/posts\/13515\/revisions\/13519"}],"wp:attachment":[{"href":"https:\/\/blogs.correiobraziliense.com.br\/vicente\/wp-json\/wp\/v2\/media?parent=13515"}],"wp:term":[{"taxonomy":"category","embeddable":true,"href":"https:\/\/blogs.correiobraziliense.com.br\/vicente\/wp-json\/wp\/v2\/categories?post=13515"},{"taxonomy":"post_tag","embeddable":true,"href":"https:\/\/blogs.correiobraziliense.com.br\/vicente\/wp-json\/wp\/v2\/tags?post=13515"}],"curies":[{"name":"wp","href":"https:\/\/api.w.org\/{rel}","templated":true}]}}