{"id":13507,"date":"2020-03-21T14:01:52","date_gmt":"2020-03-21T17:01:52","guid":{"rendered":"https:\/\/blogs.correiobraziliense.com.br\/vicente\/?p=13507"},"modified":"2020-03-21T15:21:58","modified_gmt":"2020-03-21T18:21:58","slug":"forcas-armadas-preparam-hospitais-de-campanha-para-atender-vitimas-do-coronavirus","status":"publish","type":"post","link":"https:\/\/blogs.correiobraziliense.com.br\/vicente\/forcas-armadas-preparam-hospitais-de-campanha-para-atender-vitimas-do-coronavirus\/","title":{"rendered":"For\u00e7as Armadas j\u00e1 preparam hospitais de campanha para atender v\u00edtimas do coronav\u00edrus"},"content":{"rendered":"<p>Ciente de que o sistema de sa\u00fade tradicional n\u00e3o ser\u00e1 suficiente para atender o grande n\u00famero de pessoas infectadas pelo novo coronav\u00edrus, as For\u00e7as Armadas j\u00e1 estudam a possibilidade de recorrer aos hospitais de campanha para dar suporte no combate \u00e0 Covid-19.<\/p>\n<p>Esses\u00a0hospitais foram concebidos para emprego em opera\u00e7\u00f5es militares e opera\u00e7\u00f5es humanit\u00e1rias, possuindo, portanto, baixa capacidade de leitos, &#8220;devendo ser adaptados \u00e0s condi\u00e7\u00f5es da presente pandemia&#8221;.<\/p>\n<p>O minist\u00e9rio afirma que, &#8220;devido \u00e0 possibilidade de elevada demanda e da limitada disponibilidade e capacidade desses meios, o apoio dos hospitais de campanha ser\u00e1 avaliado com especial cuidado&#8221;.<\/p>\n<p>&#8220;Al\u00e9m disso, Marinha, Ex\u00e9rcito e Aeron\u00e1utica poder\u00e3o apoiar as triagens de pessoas com suspeita de infec\u00e7\u00e3o para encaminhamento a hospitais&#8221;, acrescenta.<\/p>\n<h2><strong>Centros de opera\u00e7\u00e3o<\/strong><\/h2>\n<p>Segundo o minist\u00e9rio , foi ativado, na \u00faltima sexta-feira (20\/03), o Centro de Opera\u00e7\u00f5es Conjuntas para atuar na coordena\u00e7\u00e3o e planejamento do emprego das For\u00e7as Armadas no combate \u00e0 Covid-19. Tamb\u00e9m foram ativados 10 Comandos Conjuntos, que cobrem todo o territ\u00f3rio nacional, al\u00e9m do Comando Aeroespacial (Comae), de funcionamento permanente.<\/p>\n<p>O Minist\u00e9rio da Defesa informa ainda que as For\u00e7as Armadas &#8220;permanecer\u00e3o em condi\u00e7\u00f5es de disponibilizar recursos operacionais e log\u00edsticos quando se fizerem necess\u00e1rios para apoiar as a\u00e7\u00f5es&#8221;. Acrescenta que os militares poder\u00e3o ser empregados no apoio \u00e0s a\u00e7\u00f5es federais, no controle de passageiros e tripulantes nos aeroportos, portos e terminais mar\u00edtimos, e no controle de acesso das fronteiras.<\/p>\n<p>Mais: unidades militares especializadas em Defesa Qu\u00edmica, Biol\u00f3gica, Radiol\u00f3gica e Nuclear (DQBRN) poder\u00e3o ser empregadas para descontamina\u00e7\u00e3o de pessoal, ambientes e materiais. O minist\u00e9rio informa, tamb\u00e9m, que vem recebendo diversas demandas de apoio de \u00f3rg\u00e3os estaduais, municipais e outros. &#8220;Tais demandas est\u00e3o sendo direcionadas aos Comandos Conjuntos respons\u00e1veis pelos locais demandados, para avaliar a possibilidade de atendimento&#8221;, frisa.<\/p>\n","protected":false},"excerpt":{"rendered":"<p>Ciente de que o sistema de sa\u00fade tradicional n\u00e3o ser\u00e1 suficiente para atender o grande n\u00famero de pessoas infectadas pelo novo coronav\u00edrus, as For\u00e7as Armadas j\u00e1 estudam a possibilidade de recorrer aos hospitais de campanha para dar suporte no combate \u00e0 Covid-19. Esses\u00a0hospitais foram concebidos para emprego em opera\u00e7\u00f5es militares e opera\u00e7\u00f5es humanit\u00e1rias, possuindo, portanto, [&hellip;]<\/p>\n","protected":false},"author":22,"featured_media":13511,"comment_status":"open","ping_status":"closed","sticky":false,"template":"","format":"standard","meta":{"footnotes":""},"categories":[600],"tags":[4419,4505,1592,4522,769],"class_list":["post-13507","post","type-post","status-publish","format-standard","has-post-thumbnail","hentry","category-economia","tag-coronavirus","tag-covid-19","tag-forcas-armadas","tag-hospitais-de-campanha","tag-militares"],"_links":{"self":[{"href":"https:\/\/blogs.correiobraziliense.com.br\/vicente\/wp-json\/wp\/v2\/posts\/13507","targetHints":{"allow":["GET"]}}],"collection":[{"href":"https:\/\/blogs.correiobraziliense.com.br\/vicente\/wp-json\/wp\/v2\/posts"}],"about":[{"href":"https:\/\/blogs.correiobraziliense.com.br\/vicente\/wp-json\/wp\/v2\/types\/post"}],"author":[{"embeddable":true,"href":"https:\/\/blogs.correiobraziliense.com.br\/vicente\/wp-json\/wp\/v2\/users\/22"}],"replies":[{"embeddable":true,"href":"https:\/\/blogs.correiobraziliense.com.br\/vicente\/wp-json\/wp\/v2\/comments?post=13507"}],"version-history":[{"count":3,"href":"https:\/\/blogs.correiobraziliense.com.br\/vicente\/wp-json\/wp\/v2\/posts\/13507\/revisions"}],"predecessor-version":[{"id":13510,"href":"https:\/\/blogs.correiobraziliense.com.br\/vicente\/wp-json\/wp\/v2\/posts\/13507\/revisions\/13510"}],"wp:featuredmedia":[{"embeddable":true,"href":"https:\/\/blogs.correiobraziliense.com.br\/vicente\/wp-json\/wp\/v2\/media\/13511"}],"wp:attachment":[{"href":"https:\/\/blogs.correiobraziliense.com.br\/vicente\/wp-json\/wp\/v2\/media?parent=13507"}],"wp:term":[{"taxonomy":"category","embeddable":true,"href":"https:\/\/blogs.correiobraziliense.com.br\/vicente\/wp-json\/wp\/v2\/categories?post=13507"},{"taxonomy":"post_tag","embeddable":true,"href":"https:\/\/blogs.correiobraziliense.com.br\/vicente\/wp-json\/wp\/v2\/tags?post=13507"}],"curies":[{"name":"wp","href":"https:\/\/api.w.org\/{rel}","templated":true}]}}