{"id":13502,"date":"2020-03-21T11:20:08","date_gmt":"2020-03-21T14:20:08","guid":{"rendered":"https:\/\/blogs.correiobraziliense.com.br\/vicente\/?p=13502"},"modified":"2020-03-21T12:50:11","modified_gmt":"2020-03-21T15:50:11","slug":"coronavirus-chega-a-314-sul-morador-esta-isolado","status":"publish","type":"post","link":"https:\/\/blogs.correiobraziliense.com.br\/vicente\/coronavirus-chega-a-314-sul-morador-esta-isolado\/","title":{"rendered":"Coronav\u00edrus chega \u00e0 314 Sul. Morador est\u00e1 isolado"},"content":{"rendered":"<h2>O s\u00edndico de um dos blocos da 314 Sul informou aos moradores, por meio de um comunicado oficial, que uma pessoa que ali reside foi detectada com o novo coronav\u00edrus. A pessoa est\u00e1 em tratamento e foi isolada.<\/h2>\n<p>&nbsp;<\/p>\n<p>A 314 Sul \u00e9 uma das quadras mais nobres de Bras\u00edlia, onde moram ao menos seis ministros do Tribunal Superior do Trabalho (TST) e um diretor do Banco Central.<\/p>\n<p>&nbsp;<\/p>\n<p>A recomenda\u00e7\u00e3o \u00e9 de que todos tenham muita calma e cumpram todas as determina\u00e7\u00f5es de seguran\u00e7a especificadas pelo Minist\u00e9rio da Sa\u00fade e pelo Governo do Distrito Federal.<\/p>\n<p>&nbsp;<\/p>\n<p>Al\u00e9m das a\u00e7\u00f5es b\u00e1sicas de higiene, ficar em casa \u00e9 a melhor solu\u00e7\u00e3o para conter a dissemina\u00e7\u00e3o da Covid-19. At\u00e9 agora, o DF tem 108 casos confirmados de coronav\u00edrus e 2,7 mil suspeitos.<\/p>\n<p>&nbsp;<\/p>\n<p><em>Bras\u00edlia, 11h20min<\/em><\/p>\n","protected":false},"excerpt":{"rendered":"<p>O s\u00edndico de um dos blocos da 314 Sul informou aos moradores, por meio de um comunicado oficial, que uma pessoa que ali reside foi detectada com o novo coronav\u00edrus. A pessoa est\u00e1 em tratamento e foi isolada. &nbsp; A 314 Sul \u00e9 uma das quadras mais nobres de Bras\u00edlia, onde moram ao menos seis [&hellip;]<\/p>\n","protected":false},"author":22,"featured_media":13413,"comment_status":"open","ping_status":"closed","sticky":false,"template":"","format":"standard","meta":{"footnotes":""},"categories":[600],"tags":[4520,4501,4419,4521,4519],"class_list":["post-13502","post","type-post","status-publish","format-standard","has-post-thumbnail","hentry","category-economia","tag-314-sul","tag-contaminacao","tag-coronavirus","tag-isolamento","tag-quadra"],"_links":{"self":[{"href":"https:\/\/blogs.correiobraziliense.com.br\/vicente\/wp-json\/wp\/v2\/posts\/13502","targetHints":{"allow":["GET"]}}],"collection":[{"href":"https:\/\/blogs.correiobraziliense.com.br\/vicente\/wp-json\/wp\/v2\/posts"}],"about":[{"href":"https:\/\/blogs.correiobraziliense.com.br\/vicente\/wp-json\/wp\/v2\/types\/post"}],"author":[{"embeddable":true,"href":"https:\/\/blogs.correiobraziliense.com.br\/vicente\/wp-json\/wp\/v2\/users\/22"}],"replies":[{"embeddable":true,"href":"https:\/\/blogs.correiobraziliense.com.br\/vicente\/wp-json\/wp\/v2\/comments?post=13502"}],"version-history":[{"count":2,"href":"https:\/\/blogs.correiobraziliense.com.br\/vicente\/wp-json\/wp\/v2\/posts\/13502\/revisions"}],"predecessor-version":[{"id":13504,"href":"https:\/\/blogs.correiobraziliense.com.br\/vicente\/wp-json\/wp\/v2\/posts\/13502\/revisions\/13504"}],"wp:featuredmedia":[{"embeddable":true,"href":"https:\/\/blogs.correiobraziliense.com.br\/vicente\/wp-json\/wp\/v2\/media\/13413"}],"wp:attachment":[{"href":"https:\/\/blogs.correiobraziliense.com.br\/vicente\/wp-json\/wp\/v2\/media?parent=13502"}],"wp:term":[{"taxonomy":"category","embeddable":true,"href":"https:\/\/blogs.correiobraziliense.com.br\/vicente\/wp-json\/wp\/v2\/categories?post=13502"},{"taxonomy":"post_tag","embeddable":true,"href":"https:\/\/blogs.correiobraziliense.com.br\/vicente\/wp-json\/wp\/v2\/tags?post=13502"}],"curies":[{"name":"wp","href":"https:\/\/api.w.org\/{rel}","templated":true}]}}