{"id":13483,"date":"2020-03-20T17:39:07","date_gmt":"2020-03-20T20:39:07","guid":{"rendered":"https:\/\/blogs.correiobraziliense.com.br\/vicente\/?p=13483"},"modified":"2020-03-20T19:17:03","modified_gmt":"2020-03-20T22:17:03","slug":"governo-adia-divulgacao-do-tamanho-do-rombo-fiscal","status":"publish","type":"post","link":"https:\/\/blogs.correiobraziliense.com.br\/vicente\/governo-adia-divulgacao-do-tamanho-do-rombo-fiscal\/","title":{"rendered":"Governo adia divulga\u00e7\u00e3o do tamanho do rombo fiscal"},"content":{"rendered":"<p><span style=\"font-weight: 400\">ROSANA HESSEL<\/span><\/p>\n<p>&nbsp;<\/p>\n<p><span style=\"font-weight: 400\">Ao anunciar os novos par\u00e2metros macroecon\u00f4micos, reduzindo a previs\u00e3o de crescimento do Produto Interno Bruto (PIB) para 0,02%, a equipe econ\u00f4mica adiou a divulga\u00e7\u00e3o do novo rombo fiscal para &#8220;at\u00e9 maio&#8221; . Com isso, preferiu apresentar um resultado prim\u00e1rio ruim, mas ainda considerando a previs\u00e3o anterior de PIB, com alta de 2,1%.\u00a0<\/span><\/p>\n<p>&nbsp;<\/p>\n<p><span style=\"font-weight: 400\">De acordo com o secret\u00e1rio especial de Fazenda, Waldery Rodrigues, o resultado prim\u00e1rio est\u00e1 mudando diariamente, e ainda n\u00e3o \u00e9 poss\u00edvel medir exatamente o tamanho do rombo at\u00e9 o fim do ano devido ao impacto econ\u00f4mico da pandemia do novo coronav\u00edrus. Ele admitiu que o deficit poder\u00e1 chegar &#8220;perto de R$ 200 bilh\u00f5es\u201d. <\/span><\/p>\n<p>&nbsp;<\/p>\n<p><span style=\"font-weight: 400\">Contudo, n\u00e3o descartou a possibilidade de esse valor ser maior, se houver piora no quadro da epidemia e, por isso, deixar\u00e1 para anunciar o dado depois, apesar de o n\u00famero ser ruim. &#8220;P<\/span>recisamos n\u00e3o deixar de atender \u00e0 popula\u00e7\u00e3o, \u00e0s empresas, \u00e0 popula\u00e7\u00e3o mais vulner\u00e1vel&#8221;, afirmou.<\/p>\n<p>&nbsp;<\/p>\n<p><span style=\"font-weight: 400\">Segundo o secret\u00e1rio, a nova previs\u00e3o de resultado prim\u00e1rio dever\u00e1 ser divulgada mais adiante, provavelmente, antes do segundo relat\u00f3rio bimestral de avalia\u00e7\u00e3o de receitas e despesas, previsto para 22 de maio.\u00a0\u00a0<\/span><\/p>\n<p>&nbsp;<\/p>\n<p><span style=\"font-weight: 400\">A meta fiscal prevista na Lei de Diretrizes Or\u00e7ament\u00e1rias (LDO) permite um deficit de at\u00e9 R$ 124,1 bilh\u00f5es neste ano, mas ela n\u00e3o precisar\u00e1 ser cumprida com a aprova\u00e7\u00e3o do estado de calamidade pelo Congresso. Considerando o crescimento de 2,1% do PIB, ela teria uma piora de R$ 37,5 bilh\u00f5es, passando para R$ 161,6 bilh\u00f5es, de acordo com o relat\u00f3rio divulgado nesta sexta-feira (20\/03). Essa diferen\u00e7a seria o contingenciamento se o Legislativo n\u00e3o desse o aval para o governo gastar mais.\u00a0<\/span><\/p>\n<p>&nbsp;<\/p>\n<p>Os dados apresentados como novos par\u00e2metros s\u00e3o otimistas, principalmente, porque v\u00e1rios analistas do mercado preveem queda no PIB este ano.\u00a0\u00a0<span style=\"font-weight: 400\">Apenas a frustra\u00e7\u00e3o de receitas, lembrou Waldery foi de R$ 31,2 bilh\u00f5es, incluindo a retirada de R$ 16,2 bilh\u00f5es com a arrecada\u00e7\u00e3o com a privatiza\u00e7\u00e3o da Eletrobras.\u00a0<\/span><\/p>\n<p>&nbsp;<\/p>\n<p>Portanto, se ao reduzir o PIB em 0,3 ponto percentual, a frustra\u00e7\u00e3o de receita pelas contas do governo chegou a R$ 31,2 bilh\u00f5es, com uma redu\u00e7\u00e3o de quase 2,0 pontos percentuais, para quase zero, o rombo deficit tem chances de ser bem maior do que R$ 250 bilh\u00f5es. N\u00e3o \u00e0 toa, o governo preferiu n\u00e3o apresentar as contas nesse sentido.<\/p>\n<p>&nbsp;<\/p>\n<p><span style=\"font-weight: 400\">Ao ser questionado se haver\u00e1 limites de recursos para o Minist\u00e9rio da Sa\u00fade combater a pandemia, o secret\u00e1rio de Fazenda, foi evasivo e afirmou que a pasta &#8220;vai trabalhar para liberar os recursos necess\u00e1rios&#8221;. \u201cEstamos trabalhando com um projeto de libera\u00e7\u00e3o de fundos para estados e munic\u00edpios se essa conjuntura for mantida em 2020\u201d, completou.<\/span><\/p>\n<p>&nbsp;<\/p>\n<p><span style=\"font-weight: 400\">Em rela\u00e7\u00e3o \u00e0s \u00e0 reivindica\u00e7\u00e3o dos estados por repasses de R$ 15 bilh\u00f5es por m\u00eas para agirem no combate ao novo coronav\u00edrus, Waldery afirmou que esses recursos \u201cn\u00e3o ser\u00e3o contemplados. \u201cTemos que ter zelo com a Uni\u00e3o\u201d, afirmou.\u00a0\u00a0<\/span>Ele refor\u00e7ou que o teto de gastos ser\u00e1 respeitado e que a regra de ouro tamb\u00e9m ser\u00e1 cumprida, apesar do estado de calamidade.<\/p>\n<p>&nbsp;<\/p>\n","protected":false},"excerpt":{"rendered":"<p>ROSANA HESSEL &nbsp; Ao anunciar os novos par\u00e2metros macroecon\u00f4micos, reduzindo a previs\u00e3o de crescimento do Produto Interno Bruto (PIB) para 0,02%, a equipe econ\u00f4mica adiou a divulga\u00e7\u00e3o do novo rombo fiscal para &#8220;at\u00e9 maio&#8221; . Com isso, preferiu apresentar um resultado prim\u00e1rio ruim, mas ainda considerando a previs\u00e3o anterior de PIB, com alta de 2,1%.\u00a0 [&hellip;]<\/p>\n","protected":false},"author":22,"featured_media":0,"comment_status":"open","ping_status":"closed","sticky":false,"template":"","format":"standard","meta":{"footnotes":""},"categories":[600],"tags":[],"class_list":["post-13483","post","type-post","status-publish","format-standard","hentry","category-economia"],"_links":{"self":[{"href":"https:\/\/blogs.correiobraziliense.com.br\/vicente\/wp-json\/wp\/v2\/posts\/13483","targetHints":{"allow":["GET"]}}],"collection":[{"href":"https:\/\/blogs.correiobraziliense.com.br\/vicente\/wp-json\/wp\/v2\/posts"}],"about":[{"href":"https:\/\/blogs.correiobraziliense.com.br\/vicente\/wp-json\/wp\/v2\/types\/post"}],"author":[{"embeddable":true,"href":"https:\/\/blogs.correiobraziliense.com.br\/vicente\/wp-json\/wp\/v2\/users\/22"}],"replies":[{"embeddable":true,"href":"https:\/\/blogs.correiobraziliense.com.br\/vicente\/wp-json\/wp\/v2\/comments?post=13483"}],"version-history":[{"count":7,"href":"https:\/\/blogs.correiobraziliense.com.br\/vicente\/wp-json\/wp\/v2\/posts\/13483\/revisions"}],"predecessor-version":[{"id":13498,"href":"https:\/\/blogs.correiobraziliense.com.br\/vicente\/wp-json\/wp\/v2\/posts\/13483\/revisions\/13498"}],"wp:attachment":[{"href":"https:\/\/blogs.correiobraziliense.com.br\/vicente\/wp-json\/wp\/v2\/media?parent=13483"}],"wp:term":[{"taxonomy":"category","embeddable":true,"href":"https:\/\/blogs.correiobraziliense.com.br\/vicente\/wp-json\/wp\/v2\/categories?post=13483"},{"taxonomy":"post_tag","embeddable":true,"href":"https:\/\/blogs.correiobraziliense.com.br\/vicente\/wp-json\/wp\/v2\/tags?post=13483"}],"curies":[{"name":"wp","href":"https:\/\/api.w.org\/{rel}","templated":true}]}}