{"id":13459,"date":"2020-03-20T15:07:27","date_gmt":"2020-03-20T18:07:27","guid":{"rendered":"https:\/\/blogs.correiobraziliense.com.br\/vicente\/?p=13459"},"modified":"2020-03-20T19:37:16","modified_gmt":"2020-03-20T22:37:16","slug":"ministerio-da-economia-preve-alta-de-apenas-002-no-pib","status":"publish","type":"post","link":"https:\/\/blogs.correiobraziliense.com.br\/vicente\/ministerio-da-economia-preve-alta-de-apenas-002-no-pib\/","title":{"rendered":"Minist\u00e9rio da Economia prev\u00ea alta de apenas 0,02% no PIB"},"content":{"rendered":"<p dir=\"ltr\"><strong>ROSANA HESSEL<\/strong><\/p>\n<p dir=\"ltr\"><strong>MARINA BARBOSA<\/strong><\/p>\n<p dir=\"ltr\">A equipe econ\u00f4mica evitou reconhecer os impactos da Covid-19, pandemia provocada pelo novo coronav\u00edrus e prever queda no Produto Interno Bruto (PIB) neste ano. Reduziu de 2,1% para 0,02% a expectativa de crescimento do PIB de 2020. A previs\u00e3o ainda est\u00e1 otimista se considerarmos as novas estimativas do mercado, que preveem varia\u00e7\u00e3o negativa no PIB deste ano, devido \u00e0 recess\u00e3o mundial que est\u00e1 sendo formada.<\/p>\n<p dir=\"ltr\">\n<p dir=\"ltr\">As revis\u00f5es que pipocam no mercado, as previs\u00f5es de queda chegam a 6%, conforme o esperado pelas estimativas da economista Monica De Bolle, pesquisadora do Peterson Institute for International Economics (PIIE). Segundo ela, o pa\u00eds pode entrar em depress\u00e3o (o pior dos mundos na teoria econ\u00f4mica).<\/p>\n<p>&nbsp;<\/p>\n<p>Essa \u00e9 a segunda redu\u00e7\u00e3o na estimativa do governo no m\u00eas. Na semana passada, a equipe econ\u00f4mica tinha atualizado de 2,4% para 2,1% a previs\u00e3o para o PIB deste ano.<\/p>\n<p>&nbsp;<\/p>\n<p dir=\"ltr\">Al\u00e9m de rebaixar para quase zero a estimativa de crescimento da economia brasileira neste ano, o governo reduziu a sua proje\u00e7\u00e3o de infla\u00e7\u00e3o de 3,12% para 3,05%. A perspectiva da taxa b\u00e1sica de juros (Selic) tamb\u00e9m foi revista de 4,15% para 3,65% por conta do corte anunciado nesta semana pelo Banco Central.\u00a0J\u00e1 a proje\u00e7\u00e3o para o c\u00e2mbio foi elevada de R$ 4,20 para R$ 4,35, em fun\u00e7\u00e3o da escalada registrada pela moeda nas \u00faltimas semanas, que rompeu a barreira de R$ 5.<\/p>\n<p dir=\"ltr\">\n<p dir=\"ltr\">A equipe econ\u00f4mica tamb\u00e9m reduziu o pre\u00e7o base do barril de petr\u00f3leo de US$ 52,70 para R$ 41,87, j\u00e1 que os pre\u00e7os internacionais do barril tipo Brent v\u00eam caindo em fun\u00e7\u00e3o da desacelera\u00e7\u00e3o econ\u00f4mica provocada pelo coronav\u00edrus e da guerra de pre\u00e7os travada entre Ar\u00e1bia Saudita e R\u00fassia.<\/p>\n<p dir=\"ltr\">\n<p dir=\"ltr\">A redu\u00e7\u00e3o, por sinal, vai impactar duramente a arrecada\u00e7\u00e3o do governo federal, j\u00e1 que afeta diretamente as atividades da Petrobras. A Uni\u00e3o j\u00e1 prev\u00ea uma queda de R$ 9,4 bilh\u00f5es nas receitas advindas da explora\u00e7\u00e3o de recursos naturais &#8220;em fun\u00e7\u00e3o principalmente da queda do pre\u00e7o do Barril de Petr\u00f3leo e redu\u00e7\u00e3o da produ\u00e7\u00e3o em Campos sob o regime de concess\u00e3o, com consequente redu\u00e7\u00e3o da arrecada\u00e7\u00e3o de participa\u00e7\u00e3o especial&#8221;.<\/p>\n<p>&nbsp;<\/p>\n<p>Com a aprova\u00e7\u00e3o do estado de calamidade p\u00fablica pelo Congresso Nacional, o governo federal n\u00e3o ter\u00e1 mais que cumprir a meta prim\u00e1ria neste ano, que era de um deficit prim\u00e1rio de at\u00e9 R$ 124,1 bilh\u00f5es nas contas do governo federal.<\/p>\n<p>&nbsp;<\/p>\n<p>A previs\u00e3o de deficit foi ampliada para R$ 161,6 bilh\u00f5es, uma piora de R$ 37,5 bilh\u00f5es em rela\u00e7\u00e3o \u00e0 meta, conforme o material divulgado com base nos par\u00e2metros da semana passada. O governo n\u00e3o fez nova proje\u00e7\u00e3o com os dados atualizados.<\/p>\n<p>&nbsp;<\/p>\n<p><span style=\"font-weight: 400\">O novo corte do PIB foi antecipado na \u00faltima quarta-feira (18) pelo secret\u00e1rio especial da Fazenda do Minist\u00e9rio da Economia, Waldery Rodrigues. Na ocasi\u00e3o, ele disse que a proje\u00e7\u00e3o precisava ser cortada diante da desacelera\u00e7\u00e3o econ\u00f4mica provocada pela pandemia do coronav\u00edrus, mas tamb\u00e9m por conta da queda dos pre\u00e7os internacionais de petr\u00f3leo e da alta do c\u00e2mbio.<\/span><\/p>\n","protected":false},"excerpt":{"rendered":"<p>ROSANA HESSEL MARINA BARBOSA A equipe econ\u00f4mica evitou reconhecer os impactos da Covid-19, pandemia provocada pelo novo coronav\u00edrus e prever queda no Produto Interno Bruto (PIB) neste ano. Reduziu de 2,1% para 0,02% a expectativa de crescimento do PIB de 2020. A previs\u00e3o ainda est\u00e1 otimista se considerarmos as novas estimativas do mercado, que preveem [&hellip;]<\/p>\n","protected":false},"author":22,"featured_media":13463,"comment_status":"open","ping_status":"closed","sticky":false,"template":"","format":"standard","meta":{"footnotes":""},"categories":[600],"tags":[467,4510,58,718],"class_list":["post-13459","post","type-post","status-publish","format-standard","has-post-thumbnail","hentry","category-economia","tag-governo","tag-pandemia","tag-pib","tag-revisao"],"_links":{"self":[{"href":"https:\/\/blogs.correiobraziliense.com.br\/vicente\/wp-json\/wp\/v2\/posts\/13459","targetHints":{"allow":["GET"]}}],"collection":[{"href":"https:\/\/blogs.correiobraziliense.com.br\/vicente\/wp-json\/wp\/v2\/posts"}],"about":[{"href":"https:\/\/blogs.correiobraziliense.com.br\/vicente\/wp-json\/wp\/v2\/types\/post"}],"author":[{"embeddable":true,"href":"https:\/\/blogs.correiobraziliense.com.br\/vicente\/wp-json\/wp\/v2\/users\/22"}],"replies":[{"embeddable":true,"href":"https:\/\/blogs.correiobraziliense.com.br\/vicente\/wp-json\/wp\/v2\/comments?post=13459"}],"version-history":[{"count":13,"href":"https:\/\/blogs.correiobraziliense.com.br\/vicente\/wp-json\/wp\/v2\/posts\/13459\/revisions"}],"predecessor-version":[{"id":13501,"href":"https:\/\/blogs.correiobraziliense.com.br\/vicente\/wp-json\/wp\/v2\/posts\/13459\/revisions\/13501"}],"wp:featuredmedia":[{"embeddable":true,"href":"https:\/\/blogs.correiobraziliense.com.br\/vicente\/wp-json\/wp\/v2\/media\/13463"}],"wp:attachment":[{"href":"https:\/\/blogs.correiobraziliense.com.br\/vicente\/wp-json\/wp\/v2\/media?parent=13459"}],"wp:term":[{"taxonomy":"category","embeddable":true,"href":"https:\/\/blogs.correiobraziliense.com.br\/vicente\/wp-json\/wp\/v2\/categories?post=13459"},{"taxonomy":"post_tag","embeddable":true,"href":"https:\/\/blogs.correiobraziliense.com.br\/vicente\/wp-json\/wp\/v2\/tags?post=13459"}],"curies":[{"name":"wp","href":"https:\/\/api.w.org\/{rel}","templated":true}]}}