{"id":13454,"date":"2020-03-20T14:07:02","date_gmt":"2020-03-20T17:07:02","guid":{"rendered":"https:\/\/blogs.correiobraziliense.com.br\/vicente\/?p=13454"},"modified":"2020-03-20T17:36:58","modified_gmt":"2020-03-20T20:36:58","slug":"governo-precisa-agir-rapido-para-evitar-queda-maior-que-44-do-pib","status":"publish","type":"post","link":"https:\/\/blogs.correiobraziliense.com.br\/vicente\/governo-precisa-agir-rapido-para-evitar-queda-maior-que-44-do-pib\/","title":{"rendered":"Governo precisa agir r\u00e1pido para evitar queda maior que 4,4% do PIB"},"content":{"rendered":"<h2><span style=\"font-weight: 400\">ROSANA HESSEL<\/span><\/h2>\n<h2><\/h2>\n<h2><span style=\"font-weight: 400\">O presidente Jair Bolsonaro demorou para reconhecer o problema em rela\u00e7\u00e3o \u00e0 pandemia da Covid-19, provocada pelo novo coronav\u00edrus, e, agora, ter\u00e1 que pagar muito caro pela neglig\u00eancia. O pacote de medidas anunciado at\u00e9 o momento pela equipe econ\u00f4mica liderada por Paulo Guedes \u00e9 muito t\u00edmido se comparado com as medidas tomadas pelas autoridades das maiores economias do planeta, que t\u00eam destinado at\u00e9 20% do Produto Interno Bruto (PIB) para minimizar a recess\u00e3o que j\u00e1 est\u00e1 contratada.<\/span><\/h2>\n<p>&nbsp;<\/p>\n<p><span style=\"font-weight: 400\">Para evitar uma queda maior no PIB, ser\u00e1 preciso agir r\u00e1pido e deixar o Minist\u00e9rio da Sa\u00fade investir o que for necess\u00e1rio para conter a epidemia, segundo o economista Emerson Mar\u00e7al, da Funda\u00e7\u00e3o Getulio Vargas de S\u00e3o Paulo (FGV-SP).\u00a0&#8220;Os recursos para a Sa\u00fade n\u00e3o podem ser limitados no combate ao coronav\u00edrus&#8221;, aconselhou.\u00a0\u00a0<\/span><span style=\"font-weight: 400\">\u201cO governo precisa adotar medidas parecidas com as que a Coreia do Sul adotou, rapidamente, testando toda a popula\u00e7\u00e3o. O custo parece alto agora, mas n\u00e3o ser\u00e1 compar\u00e1vel \u00e0 perda que o pa\u00eds vai ter no PIB\u201d, alertou.\u00a0<\/span><\/p>\n<p>&nbsp;<\/p>\n<p><span style=\"font-weight: 400\">Mar\u00e7al foi o coordenador de um estudo realizado pelo Centro de Macroeconomia Aplicada (Cemap), da FGV-SP, que fez tr\u00eas simula\u00e7\u00f5es sobre os efeitos do coronav\u00edrus no PIB brasileiro entre 2020 e 2023 e foi divulgado nesta sexta-feira (20\/03).\u00a0<\/span><\/p>\n<p>&nbsp;<\/p>\n<p><strong>Pessimismo<\/strong><\/p>\n<p>&nbsp;<\/p>\n<p><span style=\"font-weight: 400\">Pelas estimativas do Cemap, o PIB brasileiro poder\u00e1 encolher 4,4% no cen\u00e1rio mais pessimista, o que equivale a uma perda de mais de R$ 320 bilh\u00f5es neste ano, considerando o PIB de R$ 7,3 trilh\u00f5es de 2019.\u00a0<\/span><span style=\"font-weight: 400\">\u201cSe as a\u00e7\u00f5es do governo demorarem muito para conter o coronav\u00edrus, \u00e9 prov\u00e1vel que a retra\u00e7\u00e3o seja maior e vamos ter uma situa\u00e7\u00e3o semelhante \u00e0 da It\u00e1lia\u201d, admitiu. <\/span><\/p>\n<p>&nbsp;<\/p>\n<p><span style=\"font-weight: 400\">\u201cO que vai definir o impacto na economia \u00e9 como o governo vai agir. Se for r\u00e1pido, o efeito ser\u00e1 menor. Mas, se demorar, ser\u00e1 muito pior\u201d, explicou.\u00a0<\/span><span style=\"font-weight: 400\">Segundo o economista, os efeitos dessa pandemia v\u00e3o ser sentidos nos pr\u00f3ximos anos, dependendo da intensidade e do tempo em que ela demorar para ser dissipada.\u00a0<\/span><\/p>\n<p>&nbsp;<\/p>\n<p><span style=\"font-weight: 400\">Pelas estimativas mais otimistas do Cemap, que consideram os efeitos na economia brasileira parecidos com o da crise dos caminhoneiros de 2018, que durou apenas um m\u00eas, a varia\u00e7\u00e3o do PIB seria zero neste ano. J\u00e1 em um cen\u00e1rio levando em conta os impactos na economia parecidos com o da crise financeira global, de 2008 a 2009, o PIB teria uma queda de 2,5%.<\/span><\/p>\n<p>&nbsp;<\/p>\n<p><span style=\"font-weight: 400\">No cen\u00e1rio pessimista, esses dois efeitos foram combinados. E, para Mar\u00e7al, \u00e9 o que est\u00e1 se tornando mais prov\u00e1vel. \u201cEstamos diante de um novo fen\u00f4meno na economia e o governo est\u00e1 no fio da navalha. Se cair do lado errado, o pa\u00eds vai enfrentar um cen\u00e1rio muito pior do que estamos prevendo\u201d, alertou o professor.<\/span><\/p>\n","protected":false},"excerpt":{"rendered":"<p>ROSANA HESSEL O presidente Jair Bolsonaro demorou para reconhecer o problema em rela\u00e7\u00e3o \u00e0 pandemia da Covid-19, provocada pelo novo coronav\u00edrus, e, agora, ter\u00e1 que pagar muito caro pela neglig\u00eancia. O pacote de medidas anunciado at\u00e9 o momento pela equipe econ\u00f4mica liderada por Paulo Guedes \u00e9 muito t\u00edmido se comparado com as medidas tomadas pelas [&hellip;]<\/p>\n","protected":false},"author":22,"featured_media":10371,"comment_status":"open","ping_status":"closed","sticky":false,"template":"","format":"standard","meta":{"footnotes":""},"categories":[600],"tags":[4511,535,2922,4510,58],"class_list":["post-13454","post","type-post","status-publish","format-standard","has-post-thumbnail","hentry","category-economia","tag-cemap","tag-fgv","tag-jair-bolsonaro","tag-pandemia","tag-pib"],"_links":{"self":[{"href":"https:\/\/blogs.correiobraziliense.com.br\/vicente\/wp-json\/wp\/v2\/posts\/13454","targetHints":{"allow":["GET"]}}],"collection":[{"href":"https:\/\/blogs.correiobraziliense.com.br\/vicente\/wp-json\/wp\/v2\/posts"}],"about":[{"href":"https:\/\/blogs.correiobraziliense.com.br\/vicente\/wp-json\/wp\/v2\/types\/post"}],"author":[{"embeddable":true,"href":"https:\/\/blogs.correiobraziliense.com.br\/vicente\/wp-json\/wp\/v2\/users\/22"}],"replies":[{"embeddable":true,"href":"https:\/\/blogs.correiobraziliense.com.br\/vicente\/wp-json\/wp\/v2\/comments?post=13454"}],"version-history":[{"count":6,"href":"https:\/\/blogs.correiobraziliense.com.br\/vicente\/wp-json\/wp\/v2\/posts\/13454\/revisions"}],"predecessor-version":[{"id":13491,"href":"https:\/\/blogs.correiobraziliense.com.br\/vicente\/wp-json\/wp\/v2\/posts\/13454\/revisions\/13491"}],"wp:featuredmedia":[{"embeddable":true,"href":"https:\/\/blogs.correiobraziliense.com.br\/vicente\/wp-json\/wp\/v2\/media\/10371"}],"wp:attachment":[{"href":"https:\/\/blogs.correiobraziliense.com.br\/vicente\/wp-json\/wp\/v2\/media?parent=13454"}],"wp:term":[{"taxonomy":"category","embeddable":true,"href":"https:\/\/blogs.correiobraziliense.com.br\/vicente\/wp-json\/wp\/v2\/categories?post=13454"},{"taxonomy":"post_tag","embeddable":true,"href":"https:\/\/blogs.correiobraziliense.com.br\/vicente\/wp-json\/wp\/v2\/tags?post=13454"}],"curies":[{"name":"wp","href":"https:\/\/api.w.org\/{rel}","templated":true}]}}