{"id":13443,"date":"2020-03-19T20:39:19","date_gmt":"2020-03-19T23:39:19","guid":{"rendered":"https:\/\/blogs.correiobraziliense.com.br\/vicente\/?p=13443"},"modified":"2020-03-19T20:39:19","modified_gmt":"2020-03-19T23:39:19","slug":"volkswagen-vai-interromper-operacao-no-pais-a-partir-do-dia-23","status":"publish","type":"post","link":"https:\/\/blogs.correiobraziliense.com.br\/vicente\/volkswagen-vai-interromper-operacao-no-pais-a-partir-do-dia-23\/","title":{"rendered":"Volkswagen vai interromper opera\u00e7\u00e3o no pa\u00eds a partir do dia 23"},"content":{"rendered":"<p>ROSANA HESSEL<\/p>\n<p>&nbsp;<\/p>\n<p>A Volkswagen do Brasil vai suspender as atividades de todas as unidades no pa\u00eds, a partir do dia 23 de mar\u00e7o, por tr\u00eas semanas. &#8220;A\u00a0medida visa preservar a sa\u00fade de seus empregados e familiares em decorr\u00eancia do avan\u00e7o da Covid-19&#8221;, informou a montadora alem\u00e3 citando o acordo coletivo para flexibiliza\u00e7\u00e3o das regras trabalhistas.<\/p>\n<p>&nbsp;<\/p>\n<p>Segundo o comunicado na noite desta quinta-feira (19\/03), at\u00e9 o dia 30 de mar\u00e7o, os empregados da \u00e1rea administrativa continuam em trabalho remoto e os empregados da linha de produ\u00e7\u00e3o em folgas administradas por banco de horas. E, a partir de 31 de mar\u00e7o de 2020, os empregados estar\u00e3o em f\u00e9rias coletivas por duas semanas.<\/p>\n<p>&nbsp;<\/p>\n<p>Mais cedo, a Associa\u00e7\u00e3o Nacional dos Fabricantes de Ve\u00edculos Automotores (Anfavea) tinha informado que as empresas associadas estavam analisando o impacto da pandemia e discutindo caso a caso com seus respectivos sindicatos.<\/p>\n<p>&nbsp;<\/p>\n<p>O setor automotivo sentiu o baque da crise na Argentina, maior destino dos ve\u00edculos produzidos no pa\u00eds, que derrubou as exporta\u00e7\u00f5es do ano passado em 31,9%. E, agora, com o coronav\u00edrus, sabe-se l\u00e1 at\u00e9 quando essa sangria vai durar.<\/p>\n<p>&nbsp;<\/p>\n","protected":false},"excerpt":{"rendered":"<p>ROSANA HESSEL &nbsp; A Volkswagen do Brasil vai suspender as atividades de todas as unidades no pa\u00eds, a partir do dia 23 de mar\u00e7o, por tr\u00eas semanas. &#8220;A\u00a0medida visa preservar a sa\u00fade de seus empregados e familiares em decorr\u00eancia do avan\u00e7o da Covid-19&#8221;, informou a montadora alem\u00e3 citando o acordo coletivo para flexibiliza\u00e7\u00e3o das regras [&hellip;]<\/p>\n","protected":false},"author":22,"featured_media":0,"comment_status":"open","ping_status":"closed","sticky":false,"template":"","format":"standard","meta":{"footnotes":""},"categories":[600],"tags":[4419,4508,4509],"class_list":["post-13443","post","type-post","status-publish","format-standard","hentry","category-economia","tag-coronavirus","tag-montadora","tag-volkswagen"],"_links":{"self":[{"href":"https:\/\/blogs.correiobraziliense.com.br\/vicente\/wp-json\/wp\/v2\/posts\/13443","targetHints":{"allow":["GET"]}}],"collection":[{"href":"https:\/\/blogs.correiobraziliense.com.br\/vicente\/wp-json\/wp\/v2\/posts"}],"about":[{"href":"https:\/\/blogs.correiobraziliense.com.br\/vicente\/wp-json\/wp\/v2\/types\/post"}],"author":[{"embeddable":true,"href":"https:\/\/blogs.correiobraziliense.com.br\/vicente\/wp-json\/wp\/v2\/users\/22"}],"replies":[{"embeddable":true,"href":"https:\/\/blogs.correiobraziliense.com.br\/vicente\/wp-json\/wp\/v2\/comments?post=13443"}],"version-history":[{"count":1,"href":"https:\/\/blogs.correiobraziliense.com.br\/vicente\/wp-json\/wp\/v2\/posts\/13443\/revisions"}],"predecessor-version":[{"id":13444,"href":"https:\/\/blogs.correiobraziliense.com.br\/vicente\/wp-json\/wp\/v2\/posts\/13443\/revisions\/13444"}],"wp:attachment":[{"href":"https:\/\/blogs.correiobraziliense.com.br\/vicente\/wp-json\/wp\/v2\/media?parent=13443"}],"wp:term":[{"taxonomy":"category","embeddable":true,"href":"https:\/\/blogs.correiobraziliense.com.br\/vicente\/wp-json\/wp\/v2\/categories?post=13443"},{"taxonomy":"post_tag","embeddable":true,"href":"https:\/\/blogs.correiobraziliense.com.br\/vicente\/wp-json\/wp\/v2\/tags?post=13443"}],"curies":[{"name":"wp","href":"https:\/\/api.w.org\/{rel}","templated":true}]}}