{"id":13430,"date":"2020-03-19T18:48:27","date_gmt":"2020-03-19T21:48:27","guid":{"rendered":"https:\/\/blogs.correiobraziliense.com.br\/vicente\/?p=13430"},"modified":"2020-03-19T20:12:35","modified_gmt":"2020-03-19T23:12:35","slug":"correios-tem-10-casos-suspeitos-de-coronavirus-em-predios-no-df","status":"publish","type":"post","link":"https:\/\/blogs.correiobraziliense.com.br\/vicente\/correios-tem-10-casos-suspeitos-de-coronavirus-em-predios-no-df\/","title":{"rendered":"Correios t\u00eam 10 casos suspeitos de coronav\u00edrus em pr\u00e9dios no DF"},"content":{"rendered":"<h2>Os Correios registraram 10 casos de empregados com suspeita de contamina\u00e7\u00e3o pelo novo coronav\u00edrus. Todos no Distrito Federal. Segundo a empresa, sete casos foram detectados no pr\u00e9dio da superintend\u00eancia regional de Bras\u00edlia e tr\u00eas, na sede da estatal.<\/h2>\n<p>&nbsp;<\/p>\n<p>Apesar de os Correios garantirem que nenhum caso da Covid-19 foi confirmado &#8220;at\u00e9 o momento&#8221;, a temperatura subiu entre os empregados da companhia. O temor \u00e9 de que a doen\u00e7a tenha se espalhado pela empresa.<\/p>\n<p>&nbsp;<\/p>\n<p>Os empregados pedem que a dire\u00e7\u00e3o dos Correios tomem medidas concretas para conter a dissemina\u00e7\u00e3o do v\u00edrus, de forma a proteger todos os que continuam trabalhando. A maior preocupa\u00e7\u00e3o \u00e9 com os trabalhadores que atuam nas ruas e est\u00e3o expostos a tudo.<\/p>\n<p>&nbsp;<\/p>\n<p>Os Correios, como se sabe, j\u00e1 v\u00eam passando por um momento de forte turbul\u00eancia por causa do projeto de privatiza\u00e7\u00e3o que est\u00e1 em andamento no Minist\u00e9rio da Economia. H\u00e1 quem acredite que a crise trazida pelo novo coronav\u00edrus vai atrasar \u2014 e muito \u2014 esse processo.<\/p>\n<p>&nbsp;<\/p>\n<p>Em nota enviada ao <strong>Blog<\/strong>, os Correios informam que estabeleceram, na quarta-feira (18\/03), uma s\u00e9rie de medidas para enfrentar a onda do novo coronav\u00edrus tanto nos trabalhos internos quanto nos externos. Entre as medidas est\u00e3o:<\/p>\n<p>&nbsp;<\/p>\n<ul>\n<li>Envio de orienta\u00e7\u00e3o a todos os empregados quanto aos cuidados b\u00e1sicos de higiene, conforme recomendado pelo Minist\u00e9rio da Sa\u00fade;<\/li>\n<li>Disponibiliza\u00e7\u00e3o de \u00e1lcool em gel 70% em locais pr\u00f3ximos \u00e0s esta\u00e7\u00f5es de trabalho;<\/li>\n<li>Intensifica\u00e7\u00e3o de procedimentos de higieniza\u00e7\u00e3o e limpeza do ambiente e equipamentos;<\/li>\n<li>Se confirmada a contamina\u00e7\u00e3o, o afastamento imediato do trabalho de empregados que apresentem algum sintoma da doen\u00e7a;<\/li>\n<li>Afastamento por at\u00e9 15 dias, a contar do regresso ao Brasil, de empregados que estiveram nos \u00faltimos 15 dias em viagem ao exterior, institucional ou particular, ou que tiveram conv\u00edvio com pessoas infectadas;<\/li>\n<li>Realiza\u00e7\u00e3o de trabalho remoto por empregados classificados em grupos de risco ou com residentes em grupo de risco;<\/li>\n<li>Divis\u00e3o do efetivo administrativo em turnos, estabelecendo hor\u00e1rios alternativos para entrada, sa\u00edda e intervalo para refei\u00e7\u00e3o dos empregados, com objetivo de evitar aglomera\u00e7\u00e3o nos ambientes de uso comum e em hor\u00e1rios de pico de transporte p\u00fablico;<\/li>\n<li>Cria\u00e7\u00e3o de um canal para comunica\u00e7\u00e3o direta dos empregados com a presid\u00eancia da empresa. Durante esse per\u00edodo de alerta, o e-mail ser\u00e1 usado para sanar d\u00favidas, relatar ocorr\u00eancias e sugerir melhorias a respeito da Covid-19 e suas implica\u00e7\u00f5es nos Correios;<\/li>\n<li>Orienta\u00e7\u00e3o para que os empregados n\u00e3o participem de reuni\u00f5es, eventos e encontros externos.<\/li>\n<\/ul>\n<p>&nbsp;<\/p>\n<p><em>Bras\u00edlia, 18h48min<\/em><\/p>\n","protected":false},"excerpt":{"rendered":"<p>Os Correios registraram 10 casos de empregados com suspeita de contamina\u00e7\u00e3o pelo novo coronav\u00edrus. Todos no Distrito Federal. Segundo a empresa, sete casos foram detectados no pr\u00e9dio da superintend\u00eancia regional de Bras\u00edlia e tr\u00eas, na sede da estatal. &nbsp; Apesar de os Correios garantirem que nenhum caso da Covid-19 foi confirmado &#8220;at\u00e9 o momento&#8221;, a [&hellip;]<\/p>\n","protected":false},"author":22,"featured_media":12714,"comment_status":"open","ping_status":"closed","sticky":false,"template":"","format":"standard","meta":{"footnotes":""},"categories":[600],"tags":[926,4501,4419,1363,4505,755,2331,4507],"class_list":["post-13430","post","type-post","status-publish","format-standard","has-post-thumbnail","hentry","category-economia","tag-brasilia","tag-contaminacao","tag-coronavirus","tag-correios","tag-covid-19","tag-distrito-federal","tag-predios","tag-sede"],"_links":{"self":[{"href":"https:\/\/blogs.correiobraziliense.com.br\/vicente\/wp-json\/wp\/v2\/posts\/13430","targetHints":{"allow":["GET"]}}],"collection":[{"href":"https:\/\/blogs.correiobraziliense.com.br\/vicente\/wp-json\/wp\/v2\/posts"}],"about":[{"href":"https:\/\/blogs.correiobraziliense.com.br\/vicente\/wp-json\/wp\/v2\/types\/post"}],"author":[{"embeddable":true,"href":"https:\/\/blogs.correiobraziliense.com.br\/vicente\/wp-json\/wp\/v2\/users\/22"}],"replies":[{"embeddable":true,"href":"https:\/\/blogs.correiobraziliense.com.br\/vicente\/wp-json\/wp\/v2\/comments?post=13430"}],"version-history":[{"count":3,"href":"https:\/\/blogs.correiobraziliense.com.br\/vicente\/wp-json\/wp\/v2\/posts\/13430\/revisions"}],"predecessor-version":[{"id":13439,"href":"https:\/\/blogs.correiobraziliense.com.br\/vicente\/wp-json\/wp\/v2\/posts\/13430\/revisions\/13439"}],"wp:featuredmedia":[{"embeddable":true,"href":"https:\/\/blogs.correiobraziliense.com.br\/vicente\/wp-json\/wp\/v2\/media\/12714"}],"wp:attachment":[{"href":"https:\/\/blogs.correiobraziliense.com.br\/vicente\/wp-json\/wp\/v2\/media?parent=13430"}],"wp:term":[{"taxonomy":"category","embeddable":true,"href":"https:\/\/blogs.correiobraziliense.com.br\/vicente\/wp-json\/wp\/v2\/categories?post=13430"},{"taxonomy":"post_tag","embeddable":true,"href":"https:\/\/blogs.correiobraziliense.com.br\/vicente\/wp-json\/wp\/v2\/tags?post=13430"}],"curies":[{"name":"wp","href":"https:\/\/api.w.org\/{rel}","templated":true}]}}