{"id":13425,"date":"2020-03-19T15:38:11","date_gmt":"2020-03-19T18:38:11","guid":{"rendered":"https:\/\/blogs.correiobraziliense.com.br\/vicente\/?p=13425"},"modified":"2020-03-19T15:50:40","modified_gmt":"2020-03-19T18:50:40","slug":"hospitais-estao-em-alerta-profissionais-de-saude-ja-sofrem-com-falta-de-mascaras","status":"publish","type":"post","link":"https:\/\/blogs.correiobraziliense.com.br\/vicente\/hospitais-estao-em-alerta-profissionais-de-saude-ja-sofrem-com-falta-de-mascaras\/","title":{"rendered":"Hospitais est\u00e3o em alerta: profissionais de sa\u00fade j\u00e1 sofrem com falta de m\u00e1scaras"},"content":{"rendered":"<h2>Hospitais p\u00fablicos e privados do Distrito Federal e de v\u00e1rias partes do pa\u00eds j\u00e1 est\u00e3o sofrendo com a escassez de m\u00e1scaras para se protegerem da contamina\u00e7\u00e3o do novo coronav\u00edrus.<\/h2>\n<p>&nbsp;<\/p>\n<p>Em Bras\u00edlia, os estoques das m\u00e1scaras usadas por m\u00e9dicos, dos\u00a0tipos N95, N99, N100, PFF2 e PFF3, praticamente zeraram. N\u00e3o se acha em lugar nenhum, nem na internet.<\/p>\n<p>&nbsp;<\/p>\n<p>Segundo profissionais da \u00e1rea de sa\u00fade, m\u00e9dicos e enfermeiros, na tentativa de se protegerem da Covid-19, ter\u00e3o de recorrer \u00e0s m\u00e1scaras usadas pelo setor da constru\u00e7\u00e3o.<\/p>\n<p>&nbsp;<\/p>\n<p>A falta de m\u00e1scaras se deve \u00e0 corrida da popula\u00e7\u00e3o por esses produtos em busca de prote\u00e7\u00e3o, o que \u00e9 um erro.<\/p>\n<p>&nbsp;<\/p>\n<p>Segundo especialistas, as m\u00e1scaras s\u00f3 s\u00e3o indicadas para as pessoas que est\u00e3o contaminadas, como forma de n\u00e3o propagarem a doen\u00e7a.<\/p>\n<p>&nbsp;<\/p>\n<p><em>Bras\u00edlia, 15h38min<\/em><\/p>\n","protected":false},"excerpt":{"rendered":"<p>Hospitais p\u00fablicos e privados do Distrito Federal e de v\u00e1rias partes do pa\u00eds j\u00e1 est\u00e3o sofrendo com a escassez de m\u00e1scaras para se protegerem da contamina\u00e7\u00e3o do novo coronav\u00edrus. &nbsp; Em Bras\u00edlia, os estoques das m\u00e1scaras usadas por m\u00e9dicos, dos\u00a0tipos N95, N99, N100, PFF2 e PFF3, praticamente zeraram. N\u00e3o se acha em lugar nenhum, nem [&hellip;]<\/p>\n","protected":false},"author":22,"featured_media":13413,"comment_status":"open","ping_status":"closed","sticky":false,"template":"","format":"standard","meta":{"footnotes":""},"categories":[600],"tags":[],"class_list":["post-13425","post","type-post","status-publish","format-standard","has-post-thumbnail","hentry","category-economia"],"_links":{"self":[{"href":"https:\/\/blogs.correiobraziliense.com.br\/vicente\/wp-json\/wp\/v2\/posts\/13425","targetHints":{"allow":["GET"]}}],"collection":[{"href":"https:\/\/blogs.correiobraziliense.com.br\/vicente\/wp-json\/wp\/v2\/posts"}],"about":[{"href":"https:\/\/blogs.correiobraziliense.com.br\/vicente\/wp-json\/wp\/v2\/types\/post"}],"author":[{"embeddable":true,"href":"https:\/\/blogs.correiobraziliense.com.br\/vicente\/wp-json\/wp\/v2\/users\/22"}],"replies":[{"embeddable":true,"href":"https:\/\/blogs.correiobraziliense.com.br\/vicente\/wp-json\/wp\/v2\/comments?post=13425"}],"version-history":[{"count":1,"href":"https:\/\/blogs.correiobraziliense.com.br\/vicente\/wp-json\/wp\/v2\/posts\/13425\/revisions"}],"predecessor-version":[{"id":13426,"href":"https:\/\/blogs.correiobraziliense.com.br\/vicente\/wp-json\/wp\/v2\/posts\/13425\/revisions\/13426"}],"wp:featuredmedia":[{"embeddable":true,"href":"https:\/\/blogs.correiobraziliense.com.br\/vicente\/wp-json\/wp\/v2\/media\/13413"}],"wp:attachment":[{"href":"https:\/\/blogs.correiobraziliense.com.br\/vicente\/wp-json\/wp\/v2\/media?parent=13425"}],"wp:term":[{"taxonomy":"category","embeddable":true,"href":"https:\/\/blogs.correiobraziliense.com.br\/vicente\/wp-json\/wp\/v2\/categories?post=13425"},{"taxonomy":"post_tag","embeddable":true,"href":"https:\/\/blogs.correiobraziliense.com.br\/vicente\/wp-json\/wp\/v2\/tags?post=13425"}],"curies":[{"name":"wp","href":"https:\/\/api.w.org\/{rel}","templated":true}]}}