{"id":13412,"date":"2020-03-18T21:23:32","date_gmt":"2020-03-19T00:23:32","guid":{"rendered":"https:\/\/blogs.correiobraziliense.com.br\/vicente\/?p=13412"},"modified":"2020-03-18T21:24:04","modified_gmt":"2020-03-19T00:24:04","slug":"coronavirus-se-espalha-pelos-orgaos-publicos-agora-chegou-na-aneel","status":"publish","type":"post","link":"https:\/\/blogs.correiobraziliense.com.br\/vicente\/coronavirus-se-espalha-pelos-orgaos-publicos-agora-chegou-na-aneel\/","title":{"rendered":"Coronav\u00edrus se espalha pelos \u00f3rg\u00e3os p\u00fablicos. Agora, chegou na Aneel"},"content":{"rendered":"<h2>A dissemina\u00e7\u00e3o do novo coronav\u00edrus pelos \u00f3rg\u00e3os p\u00fablicos est\u00e1 se dando de forma muito r\u00e1pida. O caso mais recente foi notificado pela Ag\u00eancia Nacional de Energia El\u00e9trica (Aneel). O superintendente da ag\u00eancia Andr\u00e9 Ruelli testou positivo para a Covid-19. Ele esteve em S\u00e3o Paulo entre 10 e 13 de mar\u00e7o em viagem institucional.<\/h2>\n<p>&nbsp;<\/p>\n<p>Segundo t\u00e9cnicos do Minist\u00e9rio da Sa\u00fade, essa contamina\u00e7\u00e3o est\u00e1 s\u00f3 no come\u00e7o. J\u00e1 foram notificados casos no Pal\u00e1cio do Planalto e nos minist\u00e9rios de Minas e Energia, da Economia, das Rela\u00e7\u00f5es Exteriores. Tamb\u00e9m foram constatadas contamina\u00e7\u00f5es no Senado \u2014 os senadores Davi Alcolumbre, presidente da Casa, e Nelsinho Tradd \u2014, na C\u00e2mara e na Caixa Econ\u00f4mica Federal.<\/p>\n<p>&nbsp;<\/p>\n<p>N\u00e3o \u00e0 toa, a apreens\u00e3o \u00e9 grande entre os servidores. Mesmo com todas as precau\u00e7\u00f5es que v\u00eam sendo tomadas, como higiene das m\u00e3os, dos banheiros, de todas as reparti\u00e7\u00f5es, acredita-se que o n\u00famero de infectados pelo coronav\u00edrus \u00e9 grande. Nas pr\u00f3ximas duas semanas, muitos casos ser\u00e3o relatados.<\/p>\n<p>&nbsp;<\/p>\n<p><strong>Preven\u00e7\u00e3o<\/strong><\/p>\n<p>&nbsp;<\/p>\n<p>O governo acredita que ainda \u00e9 poss\u00edvel conter a dissemina\u00e7\u00e3o da Covid-19 pelos \u00f3rg\u00e3os p\u00fablicos, pois se apressou em colocar em quarentena todas as pessoas que viajaram para o exterior. Mas o problema \u00e9 que j\u00e1 est\u00e1 havendo contamina\u00e7\u00f5es comunit\u00e1rias e por meio de pessoas que viajaram pelo pa\u00eds, como \u00e9 o caso do superintendente da Aneel.<\/p>\n<p>&nbsp;<\/p>\n<p>A recomenda\u00e7\u00e3o do governo \u00e9 para que, ao menor sinal de contamina\u00e7\u00e3o pelo coronav\u00edrus, os servidores avisem os \u00f3rg\u00e3os nos quais est\u00e3o lotados e se imponham um isolamento de 14 dias. Nos casos mais graves, \u00e9 preciso procurar os hospitais.<\/p>\n<p>&nbsp;<\/p>\n<p><em>Bras\u00edlia, 21h01min<\/em><\/p>\n","protected":false},"excerpt":{"rendered":"<p>A dissemina\u00e7\u00e3o do novo coronav\u00edrus pelos \u00f3rg\u00e3os p\u00fablicos est\u00e1 se dando de forma muito r\u00e1pida. O caso mais recente foi notificado pela Ag\u00eancia Nacional de Energia El\u00e9trica (Aneel). O superintendente da ag\u00eancia Andr\u00e9 Ruelli testou positivo para a Covid-19. Ele esteve em S\u00e3o Paulo entre 10 e 13 de mar\u00e7o em viagem institucional. &nbsp; Segundo [&hellip;]<\/p>\n","protected":false},"author":22,"featured_media":13413,"comment_status":"open","ping_status":"closed","sticky":false,"template":"","format":"standard","meta":{"footnotes":""},"categories":[600],"tags":[4504,4501,4419,4505,3532],"class_list":["post-13412","post","type-post","status-publish","format-standard","has-post-thumbnail","hentry","category-economia","tag-aneel","tag-contaminacao","tag-coronavirus","tag-covid-19","tag-orgaos-publicos"],"_links":{"self":[{"href":"https:\/\/blogs.correiobraziliense.com.br\/vicente\/wp-json\/wp\/v2\/posts\/13412","targetHints":{"allow":["GET"]}}],"collection":[{"href":"https:\/\/blogs.correiobraziliense.com.br\/vicente\/wp-json\/wp\/v2\/posts"}],"about":[{"href":"https:\/\/blogs.correiobraziliense.com.br\/vicente\/wp-json\/wp\/v2\/types\/post"}],"author":[{"embeddable":true,"href":"https:\/\/blogs.correiobraziliense.com.br\/vicente\/wp-json\/wp\/v2\/users\/22"}],"replies":[{"embeddable":true,"href":"https:\/\/blogs.correiobraziliense.com.br\/vicente\/wp-json\/wp\/v2\/comments?post=13412"}],"version-history":[{"count":1,"href":"https:\/\/blogs.correiobraziliense.com.br\/vicente\/wp-json\/wp\/v2\/posts\/13412\/revisions"}],"predecessor-version":[{"id":13414,"href":"https:\/\/blogs.correiobraziliense.com.br\/vicente\/wp-json\/wp\/v2\/posts\/13412\/revisions\/13414"}],"wp:featuredmedia":[{"embeddable":true,"href":"https:\/\/blogs.correiobraziliense.com.br\/vicente\/wp-json\/wp\/v2\/media\/13413"}],"wp:attachment":[{"href":"https:\/\/blogs.correiobraziliense.com.br\/vicente\/wp-json\/wp\/v2\/media?parent=13412"}],"wp:term":[{"taxonomy":"category","embeddable":true,"href":"https:\/\/blogs.correiobraziliense.com.br\/vicente\/wp-json\/wp\/v2\/categories?post=13412"},{"taxonomy":"post_tag","embeddable":true,"href":"https:\/\/blogs.correiobraziliense.com.br\/vicente\/wp-json\/wp\/v2\/tags?post=13412"}],"curies":[{"name":"wp","href":"https:\/\/api.w.org\/{rel}","templated":true}]}}