{"id":13409,"date":"2020-03-18T19:39:59","date_gmt":"2020-03-18T22:39:59","guid":{"rendered":"https:\/\/blogs.correiobraziliense.com.br\/vicente\/?p=13409"},"modified":"2020-03-18T19:45:47","modified_gmt":"2020-03-18T22:45:47","slug":"goldman-sachs-preve-queda-de-09-no-pib-do-brasil-em-2020","status":"publish","type":"post","link":"https:\/\/blogs.correiobraziliense.com.br\/vicente\/goldman-sachs-preve-queda-de-09-no-pib-do-brasil-em-2020\/","title":{"rendered":"Goldman Sachs prev\u00ea queda de 0,9% no PIB do Brasil em 2020"},"content":{"rendered":"<p>ROSANA HESSEL<\/p>\n<p>&nbsp;<\/p>\n<p>O Goldman Sachs prev\u00ea queda de 0,9% no Produto Interno Bruto (PIB) do Brasil em 2020 em fun\u00e7\u00e3o dos impactos negativos na atividade econ\u00f4mica da Am\u00e9rica Latina em virtude da pandemia da Covid-19, provocada pelo novo corona v\u00edrus. Essa \u00e9\u00a0 segunda redu\u00e7\u00e3o no m\u00eas. A estimativa anterior para a economia brasileira, de 3 de mar\u00e7o, era de crescimento de 1,5%. Em janeiro, a expectativa era de alta de 2,2%.<\/p>\n<p>&nbsp;<\/p>\n<p>Conforme comunicado divulgado nesta quarta-feira (18\/03) ao qual o <strong>Blog<\/strong> teve acesso, as perspectivas de crescimento na Am\u00e9rica Latina se deterioram significativamente e uma recess\u00e3o toma conta da regi\u00e3o devido ao coronav\u00edrus. O banco prev\u00ea queda de 1,2% no PIB latino-americano em vez da alta de 1,1% prevista no \u00faltimo relat\u00f3rio.<\/p>\n<p>&nbsp;<\/p>\n<p>&#8220;O cen\u00e1rio de atividades dom\u00e9sticas na regi\u00e3o tem sido moderado e os fatores externos ir\u00e3o piorar acentuadamente, devido \u00e0 queda expressiva nas previs\u00f5es de crescimento global e da redu\u00e7\u00e3o das perspectivas de pre\u00e7os de commodities&#8221;, informou a institui\u00e7\u00e3o financeira norte-americana, uma das maiores do mundo.<\/p>\n<p>&nbsp;<\/p>\n<p>Al\u00e9m de prever queda no PIB brasileiro, o banco prev\u00ea retra\u00e7\u00f5es em v\u00e1rios pa\u00edses vizinhos de forma generalizada. No M\u00e9xico, o tombo \u00e9 de 1,6%. Na Argentina, de 2,5%. No Chile, de 0,5%, e no Equador, de 2,7%. A institui\u00e7\u00e3o ainda prev\u00ea crescimento zero na Col\u00f4mbia e no Peru.<\/p>\n","protected":false},"excerpt":{"rendered":"<p>ROSANA HESSEL &nbsp; O Goldman Sachs prev\u00ea queda de 0,9% no Produto Interno Bruto (PIB) do Brasil em 2020 em fun\u00e7\u00e3o dos impactos negativos na atividade econ\u00f4mica da Am\u00e9rica Latina em virtude da pandemia da Covid-19, provocada pelo novo corona v\u00edrus. Essa \u00e9\u00a0 segunda redu\u00e7\u00e3o no m\u00eas. A estimativa anterior para a economia brasileira, de [&hellip;]<\/p>\n","protected":false},"author":22,"featured_media":0,"comment_status":"open","ping_status":"closed","sticky":false,"template":"","format":"standard","meta":{"footnotes":""},"categories":[600],"tags":[2879,589,789,58,718],"class_list":["post-13409","post","type-post","status-publish","format-standard","hentry","category-economia","tag-america-latina","tag-economia","tag-goldman-sachs","tag-pib","tag-revisao"],"_links":{"self":[{"href":"https:\/\/blogs.correiobraziliense.com.br\/vicente\/wp-json\/wp\/v2\/posts\/13409","targetHints":{"allow":["GET"]}}],"collection":[{"href":"https:\/\/blogs.correiobraziliense.com.br\/vicente\/wp-json\/wp\/v2\/posts"}],"about":[{"href":"https:\/\/blogs.correiobraziliense.com.br\/vicente\/wp-json\/wp\/v2\/types\/post"}],"author":[{"embeddable":true,"href":"https:\/\/blogs.correiobraziliense.com.br\/vicente\/wp-json\/wp\/v2\/users\/22"}],"replies":[{"embeddable":true,"href":"https:\/\/blogs.correiobraziliense.com.br\/vicente\/wp-json\/wp\/v2\/comments?post=13409"}],"version-history":[{"count":2,"href":"https:\/\/blogs.correiobraziliense.com.br\/vicente\/wp-json\/wp\/v2\/posts\/13409\/revisions"}],"predecessor-version":[{"id":13411,"href":"https:\/\/blogs.correiobraziliense.com.br\/vicente\/wp-json\/wp\/v2\/posts\/13409\/revisions\/13411"}],"wp:attachment":[{"href":"https:\/\/blogs.correiobraziliense.com.br\/vicente\/wp-json\/wp\/v2\/media?parent=13409"}],"wp:term":[{"taxonomy":"category","embeddable":true,"href":"https:\/\/blogs.correiobraziliense.com.br\/vicente\/wp-json\/wp\/v2\/categories?post=13409"},{"taxonomy":"post_tag","embeddable":true,"href":"https:\/\/blogs.correiobraziliense.com.br\/vicente\/wp-json\/wp\/v2\/tags?post=13409"}],"curies":[{"name":"wp","href":"https:\/\/api.w.org\/{rel}","templated":true}]}}