{"id":13400,"date":"2020-03-18T19:08:40","date_gmt":"2020-03-18T22:08:40","guid":{"rendered":"https:\/\/blogs.correiobraziliense.com.br\/vicente\/?p=13400"},"modified":"2020-03-19T00:22:03","modified_gmt":"2020-03-19T03:22:03","slug":"itau-unibanco-anuncia-reducao-de-juros-apos-queda-da-selic","status":"publish","type":"post","link":"https:\/\/blogs.correiobraziliense.com.br\/vicente\/itau-unibanco-anuncia-reducao-de-juros-apos-queda-da-selic\/","title":{"rendered":"Ita\u00fa Unibanco anuncia redu\u00e7\u00e3o de juros ap\u00f3s queda da Selic"},"content":{"rendered":"<p>ROSANA HESSEL<\/p>\n<p>&nbsp;<\/p>\n<p>Logo ap\u00f3s a divulga\u00e7\u00e3o do corte de 0,50 ponto percentual na taxa b\u00e1sica de juros, a Selic, o Ita\u00fa Unibanco anunciou que repassar\u00e1 essa redu\u00e7\u00e3o integralmente para as linhas de cr\u00e9dito tanto para a pessoa f\u00edsica quanto para a pessoa jur\u00eddica.<\/p>\n<p>&nbsp;<\/p>\n<p>Nesta quarta-feira (18\/03), o Comit\u00ea de Pol\u00edtica Monet\u00e1ria (Copom), reduziu a Selic de 4,25% para 3,75% ao ano, em meio \u00e0 crise econ\u00f4mica que est\u00e1 se formando em torno da Covid-19, pandemia provocada pelo novo coronav\u00edrus.<\/p>\n<p>&nbsp;<\/p>\n<p>De acordo com o banco, para os clientes pessoas f\u00edsicas, a redu\u00e7\u00e3o se dar\u00e1 no empr\u00e9stimo pessoal. E, para as\u00a0 pessoas jur\u00eddicas a redu\u00e7\u00e3o ser\u00e1 nos financiamentos do capital de giro.<\/p>\n<p>&nbsp;<\/p>\n<p>As novas taxas valem a partir de segunda-feira (23), e variam de acordo com o perfil do cliente e de seu relacionamento com a institui\u00e7\u00e3o.<\/p>\n<p>&nbsp;<\/p>\n<p>\u201cA decis\u00e3o anunciada pelo Copom contribui para amenizar os efeitos econ\u00f4micos da crise provocada pelo avan\u00e7o da Covid-19\u201d, afirmou M\u00e1rcio Schettini, diretor geral de Varejo do Ita\u00fa Unibanco, em nota.<\/p>\n<p>&nbsp;<\/p>\n<p>A Caixa Econ\u00f4mica Federal pretende anunciar redu\u00e7\u00e3o dos juros e pausa no pagamento de d\u00edvidas para os clientes na manh\u00e3 desta quinta-feira.<\/p>\n<p>&nbsp;<\/p>\n","protected":false},"excerpt":{"rendered":"<p>ROSANA HESSEL &nbsp; Logo ap\u00f3s a divulga\u00e7\u00e3o do corte de 0,50 ponto percentual na taxa b\u00e1sica de juros, a Selic, o Ita\u00fa Unibanco anunciou que repassar\u00e1 essa redu\u00e7\u00e3o integralmente para as linhas de cr\u00e9dito tanto para a pessoa f\u00edsica quanto para a pessoa jur\u00eddica. &nbsp; Nesta quarta-feira (18\/03), o Comit\u00ea de Pol\u00edtica Monet\u00e1ria (Copom), reduziu [&hellip;]<\/p>\n","protected":false},"author":22,"featured_media":0,"comment_status":"open","ping_status":"closed","sticky":false,"template":"","format":"standard","meta":{"footnotes":""},"categories":[600],"tags":[99,1212,4,34],"class_list":["post-13400","post","type-post","status-publish","format-standard","hentry","category-economia","tag-copom","tag-itau-unibanco","tag-juros","tag-selic"],"_links":{"self":[{"href":"https:\/\/blogs.correiobraziliense.com.br\/vicente\/wp-json\/wp\/v2\/posts\/13400","targetHints":{"allow":["GET"]}}],"collection":[{"href":"https:\/\/blogs.correiobraziliense.com.br\/vicente\/wp-json\/wp\/v2\/posts"}],"about":[{"href":"https:\/\/blogs.correiobraziliense.com.br\/vicente\/wp-json\/wp\/v2\/types\/post"}],"author":[{"embeddable":true,"href":"https:\/\/blogs.correiobraziliense.com.br\/vicente\/wp-json\/wp\/v2\/users\/22"}],"replies":[{"embeddable":true,"href":"https:\/\/blogs.correiobraziliense.com.br\/vicente\/wp-json\/wp\/v2\/comments?post=13400"}],"version-history":[{"count":5,"href":"https:\/\/blogs.correiobraziliense.com.br\/vicente\/wp-json\/wp\/v2\/posts\/13400\/revisions"}],"predecessor-version":[{"id":13416,"href":"https:\/\/blogs.correiobraziliense.com.br\/vicente\/wp-json\/wp\/v2\/posts\/13400\/revisions\/13416"}],"wp:attachment":[{"href":"https:\/\/blogs.correiobraziliense.com.br\/vicente\/wp-json\/wp\/v2\/media?parent=13400"}],"wp:term":[{"taxonomy":"category","embeddable":true,"href":"https:\/\/blogs.correiobraziliense.com.br\/vicente\/wp-json\/wp\/v2\/categories?post=13400"},{"taxonomy":"post_tag","embeddable":true,"href":"https:\/\/blogs.correiobraziliense.com.br\/vicente\/wp-json\/wp\/v2\/tags?post=13400"}],"curies":[{"name":"wp","href":"https:\/\/api.w.org\/{rel}","templated":true}]}}