{"id":13394,"date":"2020-03-18T17:28:23","date_gmt":"2020-03-18T20:28:23","guid":{"rendered":"https:\/\/blogs.correiobraziliense.com.br\/vicente\/?p=13394"},"modified":"2020-03-18T18:39:55","modified_gmt":"2020-03-18T21:39:55","slug":"petrobras-reduz-em-5-os-precos-do-gas-de-cozinha","status":"publish","type":"post","link":"https:\/\/blogs.correiobraziliense.com.br\/vicente\/petrobras-reduz-em-5-os-precos-do-gas-de-cozinha\/","title":{"rendered":"Petrobras reduz em 5% os pre\u00e7os do g\u00e1s de cozinha"},"content":{"rendered":"<h2>Na tentativa de dar um al\u00edvio no bolso nos trabalhadores, em meio \u00e0 grave crise provocada pelo novo coronav\u00edrus, a Petrobras anunciou nesta quarta-feira (18\/03) a redu\u00e7\u00e3o de 5% os pre\u00e7os do g\u00e1s de cozinha, o GLP, utilizado em botij\u00f5es.<\/h2>\n<p>&nbsp;<\/p>\n<p>Segundo a estatal, os novos pre\u00e7os passar\u00e3o a vigorar a partir de amanh\u00e3, quinta-feira (19\/03). A medida valer\u00e1 tanto para o GLP vendido para a ind\u00fastria quanto para o com\u00e9rcio. Os consumidores devem ficar atentos para que o repasse chegue a todos integralmente.<\/p>\n<p>&nbsp;<\/p>\n<p><strong>Gasolina<\/strong><\/p>\n<p>&nbsp;<\/p>\n<p>Tamb\u00e9m nesta quarta-feira, a estatal reduziu os pre\u00e7os da gasolina em 12% nas refinarias e em 7,5% os valores do diesel. \u00c9 um reflexo da forte queda das cota\u00e7\u00f5es do petr\u00f3leo no mercado internacional, negociado abaixo dos US$ 30 o barril.<\/p>\n<p>&nbsp;<\/p>\n<p>Segundo os especialistas, a tend\u00eancia \u00e9 de o repasse da queda dos pre\u00e7os para as bombas dos postos ser mais r\u00e1pida, porque o consumo de combust\u00edveis est\u00e1 em queda. O movimento nos postos caiu, em m\u00e9dia, 50% nos \u00faltimos dias. Ningu\u00e9m quer ficar com combust\u00edvel encalhado.<\/p>\n<p>&nbsp;<\/p>\n<p><em>Bras\u00edlia, 17h28min<\/em><\/p>\n","protected":false},"excerpt":{"rendered":"<p>Na tentativa de dar um al\u00edvio no bolso nos trabalhadores, em meio \u00e0 grave crise provocada pelo novo coronav\u00edrus, a Petrobras anunciou nesta quarta-feira (18\/03) a redu\u00e7\u00e3o de 5% os pre\u00e7os do g\u00e1s de cozinha, o GLP, utilizado em botij\u00f5es. &nbsp; Segundo a estatal, os novos pre\u00e7os passar\u00e3o a vigorar a partir de amanh\u00e3, quinta-feira [&hellip;]<\/p>\n","protected":false},"author":22,"featured_media":12663,"comment_status":"open","ping_status":"closed","sticky":false,"template":"","format":"standard","meta":{"footnotes":""},"categories":[600],"tags":[],"class_list":["post-13394","post","type-post","status-publish","format-standard","has-post-thumbnail","hentry","category-economia"],"_links":{"self":[{"href":"https:\/\/blogs.correiobraziliense.com.br\/vicente\/wp-json\/wp\/v2\/posts\/13394","targetHints":{"allow":["GET"]}}],"collection":[{"href":"https:\/\/blogs.correiobraziliense.com.br\/vicente\/wp-json\/wp\/v2\/posts"}],"about":[{"href":"https:\/\/blogs.correiobraziliense.com.br\/vicente\/wp-json\/wp\/v2\/types\/post"}],"author":[{"embeddable":true,"href":"https:\/\/blogs.correiobraziliense.com.br\/vicente\/wp-json\/wp\/v2\/users\/22"}],"replies":[{"embeddable":true,"href":"https:\/\/blogs.correiobraziliense.com.br\/vicente\/wp-json\/wp\/v2\/comments?post=13394"}],"version-history":[{"count":1,"href":"https:\/\/blogs.correiobraziliense.com.br\/vicente\/wp-json\/wp\/v2\/posts\/13394\/revisions"}],"predecessor-version":[{"id":13396,"href":"https:\/\/blogs.correiobraziliense.com.br\/vicente\/wp-json\/wp\/v2\/posts\/13394\/revisions\/13396"}],"wp:featuredmedia":[{"embeddable":true,"href":"https:\/\/blogs.correiobraziliense.com.br\/vicente\/wp-json\/wp\/v2\/media\/12663"}],"wp:attachment":[{"href":"https:\/\/blogs.correiobraziliense.com.br\/vicente\/wp-json\/wp\/v2\/media?parent=13394"}],"wp:term":[{"taxonomy":"category","embeddable":true,"href":"https:\/\/blogs.correiobraziliense.com.br\/vicente\/wp-json\/wp\/v2\/categories?post=13394"},{"taxonomy":"post_tag","embeddable":true,"href":"https:\/\/blogs.correiobraziliense.com.br\/vicente\/wp-json\/wp\/v2\/tags?post=13394"}],"curies":[{"name":"wp","href":"https:\/\/api.w.org\/{rel}","templated":true}]}}