{"id":13380,"date":"2020-03-18T17:01:14","date_gmt":"2020-03-18T20:01:14","guid":{"rendered":"https:\/\/blogs.correiobraziliense.com.br\/vicente\/?p=13380"},"modified":"2020-03-18T17:49:36","modified_gmt":"2020-03-18T20:49:36","slug":"empresas-cogitam-ferias-coletivas-mas-podem-demitir-se-crise-do-coronavirus-demorar","status":"publish","type":"post","link":"https:\/\/blogs.correiobraziliense.com.br\/vicente\/empresas-cogitam-ferias-coletivas-mas-podem-demitir-se-crise-do-coronavirus-demorar\/","title":{"rendered":"Empresas cogitam f\u00e9rias coletivas, mas podem demitir se crise do coronav\u00edrus demorar"},"content":{"rendered":"<h2>Muitas empresas devem anunciar nos pr\u00f3ximos dias a concess\u00e3o de f\u00e9rias coletivas por conta da forte paralisia da economia, mas n\u00e3o descartam demitir funcion\u00e1rios se a crise trazida pela epidemia do coronav\u00edrus demorar mais do que o previsto.<\/h2>\n<p>&nbsp;<\/p>\n<p>Segundo o economista-chefe do Banco BV, Roberto Padovani, as empresas t\u00eam condi\u00e7\u00f5es de segurar os empregos at\u00e9 maio, no m\u00e1ximo, per\u00edodo que \u00e9 visto como o auge das contamina\u00e7\u00f5es de de mortes pelo coronav\u00edrus.<\/p>\n<p>&nbsp;<\/p>\n<p>&#8220;Abril e maio ser\u00e3o um horror (em rela\u00e7\u00e3o aos n\u00fameros do coronav\u00edrus). Mas, se a economia come\u00e7ar a melhorar, as empresas seguram (os empregos). Se perceberem que a economia n\u00e3o vai se recuperar at\u00e9 junho, ficar\u00e1 complicado&#8221;, diz Padovani.<\/p>\n<p>&nbsp;<\/p>\n<p><strong>Socorro aos informais<\/strong><\/p>\n<p>&nbsp;<\/p>\n<p>A taxa de desemprego est\u00e1, atualmente, em torno de 11% e vem caindo gradualmente desde meados de 2019. A partir de agora, os n\u00famero tendem a piorar. Contudo, os dados oficiais est\u00e3o comprometidos, pois o Instituto Brasileiro de Geografia e Estat\u00edstica (IBGE) far\u00e1 a coleta de dados por telefone devido ao coronav\u00edrus.<\/p>\n<p>&nbsp;<\/p>\n<p>No mercado informal, o impacto ser\u00e1 ainda maior. N\u00e3o \u00e0 toa, o governo anunciou, nesta quarta-feira (18\/03), um voucher de R$ 200 por m\u00eas para as pessoas que n\u00e3o t\u00eam carteira assinada, vivem de bicos. Em tr\u00eas meses, a meta \u00e9 desembolsar R$ 15 bilh\u00f5es por meio dessa ajuda.<\/p>\n<p>&nbsp;<\/p>\n<p>O des\u00e2nimo com a economia \u00e9 cada vez maior. No setor de servi\u00e7os, \u00e9 onde a crise provocada pela Covid-19 se mostra mais claramente. Nos sal\u00f5es de beleza, o movimento caiu mais de 80%. Em bares e restaurante, o recuo nas vendas varia entre 50% e 60%.<\/p>\n<p>&nbsp;<\/p>\n<p><strong>Piora vis\u00edvel<\/strong><\/p>\n<p>&nbsp;<\/p>\n<p>Entre os motoristas de aplicativos, os chamados diminu\u00edram cerca de 60% nos \u00faltimos dias. Nos postos de combust\u00edveis, o movimento caiu, em m\u00e9dia, 50%. Com academias e shopping centers fechando as portas, a situa\u00e7\u00e3o tende a se agravar.<\/p>\n<p>&nbsp;<\/p>\n<p>Os economistas ainda n\u00e3o conseguiram estimar, claramente, at\u00e9 onde pode chegar a taxa de desemprego. O banco su\u00ed\u00e7o UBS acredita que a taxa calculada pelo IBGE poder\u00e1 ir a 12,5% at\u00e9 o fim do ano. Em rela\u00e7\u00e3o ao fechamento de 2019, o aumento ser\u00e1 de um ponto percentual.<\/p>\n<p>&nbsp;<\/p>\n<p>As proje\u00e7\u00f5es est\u00e3o sendo atualizadas diariamente, pois o quadro econ\u00f4mico est\u00e1 piorando rapidamente. A Organiza\u00e7\u00e3o Internacional do Trabalho (OIT) estima que pelo menos 25 milh\u00f5es de pessoas em todo o mundo devem perder o emprego por causa do coronav\u00edrus.<\/p>\n<p>&nbsp;<\/p>\n<p><em>Bras\u00edlia, 17h01min<\/em><\/p>\n","protected":false},"excerpt":{"rendered":"<p>Muitas empresas devem anunciar nos pr\u00f3ximos dias a concess\u00e3o de f\u00e9rias coletivas por conta da forte paralisia da economia, mas n\u00e3o descartam demitir funcion\u00e1rios se a crise trazida pela epidemia do coronav\u00edrus demorar mais do que o previsto. &nbsp; Segundo o economista-chefe do Banco BV, Roberto Padovani, as empresas t\u00eam condi\u00e7\u00f5es de segurar os empregos [&hellip;]<\/p>\n","protected":false},"author":22,"featured_media":10346,"comment_status":"open","ping_status":"closed","sticky":false,"template":"","format":"standard","meta":{"footnotes":""},"categories":[600],"tags":[4419,179,412,71,1109],"class_list":["post-13380","post","type-post","status-publish","format-standard","has-post-thumbnail","hentry","category-economia","tag-coronavirus","tag-crise","tag-demissoes","tag-desemprego","tag-empresas"],"_links":{"self":[{"href":"https:\/\/blogs.correiobraziliense.com.br\/vicente\/wp-json\/wp\/v2\/posts\/13380","targetHints":{"allow":["GET"]}}],"collection":[{"href":"https:\/\/blogs.correiobraziliense.com.br\/vicente\/wp-json\/wp\/v2\/posts"}],"about":[{"href":"https:\/\/blogs.correiobraziliense.com.br\/vicente\/wp-json\/wp\/v2\/types\/post"}],"author":[{"embeddable":true,"href":"https:\/\/blogs.correiobraziliense.com.br\/vicente\/wp-json\/wp\/v2\/users\/22"}],"replies":[{"embeddable":true,"href":"https:\/\/blogs.correiobraziliense.com.br\/vicente\/wp-json\/wp\/v2\/comments?post=13380"}],"version-history":[{"count":2,"href":"https:\/\/blogs.correiobraziliense.com.br\/vicente\/wp-json\/wp\/v2\/posts\/13380\/revisions"}],"predecessor-version":[{"id":13390,"href":"https:\/\/blogs.correiobraziliense.com.br\/vicente\/wp-json\/wp\/v2\/posts\/13380\/revisions\/13390"}],"wp:featuredmedia":[{"embeddable":true,"href":"https:\/\/blogs.correiobraziliense.com.br\/vicente\/wp-json\/wp\/v2\/media\/10346"}],"wp:attachment":[{"href":"https:\/\/blogs.correiobraziliense.com.br\/vicente\/wp-json\/wp\/v2\/media?parent=13380"}],"wp:term":[{"taxonomy":"category","embeddable":true,"href":"https:\/\/blogs.correiobraziliense.com.br\/vicente\/wp-json\/wp\/v2\/categories?post=13380"},{"taxonomy":"post_tag","embeddable":true,"href":"https:\/\/blogs.correiobraziliense.com.br\/vicente\/wp-json\/wp\/v2\/tags?post=13380"}],"curies":[{"name":"wp","href":"https:\/\/api.w.org\/{rel}","templated":true}]}}