{"id":13367,"date":"2020-03-17T18:13:54","date_gmt":"2020-03-17T21:13:54","guid":{"rendered":"https:\/\/blogs.correiobraziliense.com.br\/vicente\/?p=13367"},"modified":"2020-03-17T18:13:54","modified_gmt":"2020-03-17T21:13:54","slug":"para-goldman-sachs-pib-do-brasil-em-2020-podera-ser-zero-ou-negativo","status":"publish","type":"post","link":"https:\/\/blogs.correiobraziliense.com.br\/vicente\/para-goldman-sachs-pib-do-brasil-em-2020-podera-ser-zero-ou-negativo\/","title":{"rendered":"Para Goldman Sachs, PIB do Brasil em 2020 poder\u00e1 ser zero ou negativo"},"content":{"rendered":"<h2>ROSANA HESSEL<\/h2>\n<h2><\/h2>\n<h2>O cen\u00e1rio de recess\u00e3o econ\u00f4mica global est\u00e1 confirmado pelas novas proje\u00e7\u00f5es de grandes institui\u00e7\u00f5es internacionais. O norte-americano Goldman Sachs, um dos maiores bancos do mundo, por exemplo, est\u00e1 revendo as estimativas de crescimento do Brasil e admite que o pa\u00eds poder\u00e1 ter retra\u00e7\u00e3o do Produto Interno Bruto (PIB), em 2020, em fun\u00e7\u00e3o da pandemia da Covid-19, provocada pelo novo coronav\u00edrus.<\/h2>\n<p>&nbsp;<\/p>\n<p>\u201cEstamos, no momento, revendo nossas proje\u00e7\u00f5es, mas \u00e9 bem prov\u00e1vel que o crescimento do PIB brasileiro vai ser zero ou negativo neste ano\u201d, adiantou Alberto Ramos, economista-chefe da \u00e1rea de pesquisas para a Am\u00e9rica Latina do Goldman Sachs, que prev\u00ea um \u201cchoque violent\u00edssimo\u201d na atividade. Atualmente, a previs\u00e3o do banco para o crescimento do PIB brasileiro era de 1,5%.<br \/>\n\u201cEstamos com recess\u00e3o global, com queda nos pre\u00e7os das commodities em geral e o impacto no Brasil n\u00e3o ser\u00e1 apenas externo. As medidas de afastamento do trabalho e social v\u00e3o ter tamb\u00e9m um impacto na demanda dom\u00e9stica\u201d, explicou Ramos, em entrevista ao <strong>Blog<\/strong>.<\/p>\n<p>O Goldman Sachs divulgou nesta ter\u00e7a-feira (16\/03) novas estimativas para o mundo e v\u00e1rios pa\u00edses. Reduziu, por exemplo, 1,9% para 1,25% a previs\u00e3o de expans\u00e3o do PIB global em 2020 e avaliou que o mundo caminha para &#8220;uma recess\u00e3o profunda&#8221;, parecida com a registrada entre os anos de 1981 e 1982 e pior do que as de 2008 e 2009 e a de 1991 e 2001.<\/p>\n<p>&nbsp;<\/p>\n<p>Pelas novas proje\u00e7\u00f5es, a institui\u00e7\u00e3o norte-americana prev\u00ea queda nos PIBs da Zona do Euro, do Jap\u00e3o, do Reino Unido e do Canad\u00e1 neste ano. Segundo Ramos, a economia Estados Unidos, deve registrar crescimento de apenas 0,3% neste ano.<\/p>\n<p>&nbsp;<\/p>\n<p>O Credit Suisse tamb\u00e9m reduziu hoje a estimativa de crescimento do PIB brasileiro em 2020, de 1,4% para zero. O motivo tamb\u00e9m foi em virtude da piora nas proje\u00e7\u00f5es do impacto do novo coronav\u00edrus na economia. A institui\u00e7\u00e3o prev\u00ea recess\u00e3o no pa\u00eds ainda primeiro semestre do ano.<\/p>\n<p>&nbsp;<\/p>\n","protected":false},"excerpt":{"rendered":"<p>ROSANA HESSEL O cen\u00e1rio de recess\u00e3o econ\u00f4mica global est\u00e1 confirmado pelas novas proje\u00e7\u00f5es de grandes institui\u00e7\u00f5es internacionais. O norte-americano Goldman Sachs, um dos maiores bancos do mundo, por exemplo, est\u00e1 revendo as estimativas de crescimento do Brasil e admite que o pa\u00eds poder\u00e1 ter retra\u00e7\u00e3o do Produto Interno Bruto (PIB), em 2020, em fun\u00e7\u00e3o da [&hellip;]<\/p>\n","protected":false},"author":22,"featured_media":0,"comment_status":"open","ping_status":"closed","sticky":false,"template":"","format":"standard","meta":{"footnotes":""},"categories":[600],"tags":[378,4419,789,58,31],"class_list":["post-13367","post","type-post","status-publish","format-standard","hentry","category-economia","tag-brasil","tag-coronavirus","tag-goldman-sachs","tag-pib","tag-recessao"],"_links":{"self":[{"href":"https:\/\/blogs.correiobraziliense.com.br\/vicente\/wp-json\/wp\/v2\/posts\/13367","targetHints":{"allow":["GET"]}}],"collection":[{"href":"https:\/\/blogs.correiobraziliense.com.br\/vicente\/wp-json\/wp\/v2\/posts"}],"about":[{"href":"https:\/\/blogs.correiobraziliense.com.br\/vicente\/wp-json\/wp\/v2\/types\/post"}],"author":[{"embeddable":true,"href":"https:\/\/blogs.correiobraziliense.com.br\/vicente\/wp-json\/wp\/v2\/users\/22"}],"replies":[{"embeddable":true,"href":"https:\/\/blogs.correiobraziliense.com.br\/vicente\/wp-json\/wp\/v2\/comments?post=13367"}],"version-history":[{"count":1,"href":"https:\/\/blogs.correiobraziliense.com.br\/vicente\/wp-json\/wp\/v2\/posts\/13367\/revisions"}],"predecessor-version":[{"id":13368,"href":"https:\/\/blogs.correiobraziliense.com.br\/vicente\/wp-json\/wp\/v2\/posts\/13367\/revisions\/13368"}],"wp:attachment":[{"href":"https:\/\/blogs.correiobraziliense.com.br\/vicente\/wp-json\/wp\/v2\/media?parent=13367"}],"wp:term":[{"taxonomy":"category","embeddable":true,"href":"https:\/\/blogs.correiobraziliense.com.br\/vicente\/wp-json\/wp\/v2\/categories?post=13367"},{"taxonomy":"post_tag","embeddable":true,"href":"https:\/\/blogs.correiobraziliense.com.br\/vicente\/wp-json\/wp\/v2\/tags?post=13367"}],"curies":[{"name":"wp","href":"https:\/\/api.w.org\/{rel}","templated":true}]}}